{"id":76826,"date":"2025-01-24T10:00:00","date_gmt":"2025-01-24T16:00:00","guid":{"rendered":"https:\/\/zonaroja.com.mx\/?p=76826"},"modified":"2025-01-24T08:21:08","modified_gmt":"2025-01-24T14:21:08","slug":"llegan-13-equipos-de-ultima-generacion-al-hospital-civil-de-oaxaca","status":"publish","type":"post","link":"https:\/\/zonaroja.com.mx\/?p=76826","title":{"rendered":"Llegan 13 equipos de \u00faltima generaci\u00f3n al Hospital Civil de Oaxaca"},"content":{"rendered":"\n<p>Redacci\u00f3n\/Zona Roja.<\/p>\n\n\n\n<p>Oaxaca de Ju\u00e1rez, Oax., a 24 de enero de 2025.- El gobernador Salom\u00f3n Jara Cruz inform\u00f3 que derivado de la gesti\u00f3n realizada por su administraci\u00f3n, este jueves se entregaron 13 equipos de \u00faltima generaci\u00f3n al Hospital General Doctor Aurelio Valdivieso IMSS-Bienestar.<\/p>\n\n\n\n<p>Luego de sostener una reuni\u00f3n con el gabinete de salud del estado, el mandatario oaxaque\u00f1o gir\u00f3 instrucciones para acelerar el equipamiento de este nosocomio y de otras unidades m\u00e9dicas, as\u00ed como dar continuidad al avance del proceso de transici\u00f3n y consolidaci\u00f3n del IMSS-Bienestar.<\/p>\n\n\n\n<p>\u201cGestionamos la entrega de refrigeradores, ventiladores, impresoras multifuncionales, equipos e insumos para diversas \u00e1reas, y estamos capacitando al personal para su correcto uso\u201d, expres\u00f3.&nbsp;<\/p>\n\n\n\n<p>Los dispositivos otorgados fueron: cinco aires acondicionados para las \u00e1reas de Uroan\u00e1lisis, Qu\u00edmica Cl\u00ednica, Jefatura, Recepci\u00f3n y Laboratorio de Urgencias; cuatro refrigeradores para Almac\u00e9n, Bacteriolog\u00eda, Laboratorio de Urgencias y Banco de Sangre; dos centrifugas modelo VE-4000 Plus y Clau Adams Sero-Fuge 2001 para el Laboratorio de Urgencias.<\/p>\n\n\n\n<p>Para el \u00e1rea de Anestesiolog\u00eda se entregaron insumos y medicamentos; adem\u00e1s se realizaron mantenimientos preventivos a las m\u00e1quinas del hospital y se capacit\u00f3 al personal. Tambi\u00e9n se otorgaron equipos de c\u00f3mputo y accesorios.<\/p>\n\n\n\n<p>Aunado a ello, las \u00e1reas de Hematolog\u00eda, Coagulaci\u00f3n, Qu\u00edmica Cl\u00ednica, Gases, Inmunolog\u00eda, Uroan\u00e1lisis, Microbiolog\u00eda, Electrolitos y HbA1c, recibieron equipos e insumos.&nbsp;<\/p>\n\n\n\n<p>En este sentido, Jara Cruz reiter\u00f3 que el gobierno seguir\u00e1 trabajando al m\u00e1ximo de la mano del Gobierno Federal para que todas y todos tengan una atenci\u00f3n m\u00e9dica de calidad.&nbsp;<\/p>\n\n\n\n<p>\u201cLas y los oaxaque\u00f1os pueden tener la certeza de que los servicios generales y m\u00e9dicos integrales est\u00e1n absolutamente garantizados\u201d, manifest\u00f3.<\/p>\n\n\n\n<p>Finalmente, el Gobernante agradeci\u00f3 el apoyo de la Presidenta de M\u00e9xico Claudia Sheinbaum Pardo, con quien, dijo, supervisar\u00e1 este fin de semana el funcionamiento de diversas instalaciones sanitarias. &nbsp;<\/p>\n","protected":false},"excerpt":{"rendered":"<p>Redacci\u00f3n\/Zona Roja. Oaxaca de Ju\u00e1rez, Oax., a 24 de enero de 2025.- El gobernador Salom\u00f3n&hellip;<\/p>\n","protected":false},"author":2,"featured_media":76815,"comment_status":"closed","ping_status":"open","sticky":false,"template":"","format":"standard","meta":{"_lmt_disableupdate":"","_lmt_disable":"","_jetpack_memberships_contains_paid_content":false,"footnotes":""},"categories":[109,46],"tags":[781],"class_list":["post-76826","post","type-post","status-publish","format-standard","has-post-thumbnail","hentry","category-minuto-a-minuto","category-zona-blanca","tag-hospital-civil-dr-aurelio-valdivieso-de-oaxaca"],"jetpack_featured_media_url":"https:\/\/zonaroja.com.mx\/wp-content\/uploads\/2025\/01\/Equipamiento-Hospital-Civil-1.jpg","jetpack_sharing_enabled":true,"_links":{"self":[{"href":"https:\/\/zonaroja.com.mx\/index.php?rest_route=\/wp\/v2\/posts\/76826","targetHints":{"allow":["GET"]}}],"collection":[{"href":"https:\/\/zonaroja.com.mx\/index.php?rest_route=\/wp\/v2\/posts"}],"about":[{"href":"https:\/\/zonaroja.com.mx\/index.php?rest_route=\/wp\/v2\/types\/post"}],"author":[{"embeddable":true,"href":"https:\/\/zonaroja.com.mx\/index.php?rest_route=\/wp\/v2\/users\/2"}],"replies":[{"embeddable":true,"href":"https:\/\/zonaroja.com.mx\/index.php?rest_route=%2Fwp%2Fv2%2Fcomments&post=76826"}],"version-history":[{"count":1,"href":"https:\/\/zonaroja.com.mx\/index.php?rest_route=\/wp\/v2\/posts\/76826\/revisions"}],"predecessor-version":[{"id":76827,"href":"https:\/\/zonaroja.com.mx\/index.php?rest_route=\/wp\/v2\/posts\/76826\/revisions\/76827"}],"wp:featuredmedia":[{"embeddable":true,"href":"https:\/\/zonaroja.com.mx\/index.php?rest_route=\/wp\/v2\/media\/76815"}],"wp:attachment":[{"href":"https:\/\/zonaroja.com.mx\/index.php?rest_route=%2Fwp%2Fv2%2Fmedia&parent=76826"}],"wp:term":[{"taxonomy":"category","embeddable":true,"href":"https:\/\/zonaroja.com.mx\/index.php?rest_route=%2Fwp%2Fv2%2Fcategories&post=76826"},{"taxonomy":"post_tag","embeddable":true,"href":"https:\/\/zonaroja.com.mx\/index.php?rest_route=%2Fwp%2Fv2%2Ftags&post=76826"}],"curies":[{"name":"wp","href":"https:\/\/api.w.org\/{rel}","templated":true}]}}