{"id":76828,"date":"2025-01-24T12:22:00","date_gmt":"2025-01-24T18:22:00","guid":{"rendered":"https:\/\/zonaroja.com.mx\/?p=76828"},"modified":"2025-01-24T08:22:56","modified_gmt":"2025-01-24T14:22:56","slug":"se-suma-secretaria-de-turismo-de-oaxaca-a-la-alianza-pacifico-mexicano","status":"publish","type":"post","link":"https:\/\/zonaroja.com.mx\/?p=76828","title":{"rendered":"Se suma Secretar\u00eda de Turismo de Oaxaca a la Alianza Pac\u00edfico Mexicano"},"content":{"rendered":"\n<p>Redacci\u00f3n\/Zona Roja.<\/p>\n\n\n\n<p>Oaxaca de Ju\u00e1rez, Oax., a 24 de enero de 2025.- Con el objetivo de fomentar el desarrollo tur\u00edstico y promover las costas del Pac\u00edfico Mexicano, la Secretar\u00eda de Turismo del Estado (Sectur Oaxaca) se sum\u00f3 a la Alianza Pac\u00edfico Mexicano.<\/p>\n\n\n\n<p>En el marco de la Feria Internacional de Turismo (Fitur) 2025 de Madrid, Espa\u00f1a, la titular de la Sectur Oaxaca, Saymi Pineda Velasco firm\u00f3 el documento que oficializ\u00f3 la participaci\u00f3n de la dependencia en esta uni\u00f3n conformada por los estados de Baja California, Baja California Sur, Chiapas, Colima, Guerrero, Jalisco, Michoac\u00e1n, Nayarit, Sinaloa y Sonora.&nbsp;<\/p>\n\n\n\n<p>Record\u00f3 que el pasado 10 de enero, las y los integrantes de esta alianza se reunieron en Jalisco para dar inicio a las estrategias que impulsar\u00e1n el sector tur\u00edstico en las zonas costeras de los estados participantes.<\/p>\n\n\n\n<p>Esta reuni\u00f3n, indic\u00f3, se centr\u00f3 en el turismo de cruceros, uno de los temas clave que motiv\u00f3 la creaci\u00f3n de la alianza.<\/p>\n\n\n\n<p>Pineda Velasco destac\u00f3 que oficializar esta uni\u00f3n, encabezada por el secretario de Turismo de Guerrero, Sim\u00f3n Qui\u00f1ones Orozco; en el marco de la Fitur 2025, fortalece los lazos de Oaxaca con aliados estrat\u00e9gicos y permite iniciar la formulaci\u00f3n de acuerdos para impulsar \u00e1reas clave, como la promoci\u00f3n de destinos y el desarrollo de infraestructura, para un crecimiento integral y sustentable.&nbsp;<\/p>\n\n\n\n<p>A\u00f1adi\u00f3 que esta iniciativa busca maximizar los beneficios econ\u00f3micos y sociales del turismo, asegurando que las comunidades sean protagonistas y beneficiarias directas de este crecimiento, para seguir generando bienestar.<\/p>\n\n\n\n<p>Brilla mezcal oaxaque\u00f1o en la Casa de M\u00e9xico en Espa\u00f1a<\/p>\n\n\n\n<p>EXPONEN MEZCAL<\/p>\n\n\n\n<p>En ese marco, mil botellas de diversas marcas de mezcal oaxaque\u00f1o componen el Muro del Mezcal en la Casa de M\u00e9xico en Espa\u00f1a, exposici\u00f3n permanente inaugurada en el marco de la Feria Internacional de Turismo (Fitur) 2025 de Madrid, Espa\u00f1a.<\/p>\n\n\n\n<p>Junto a la directora general de la Fundaci\u00f3n Casa de M\u00e9xico en Espa\u00f1a, Ximena Caraza Campos, la secretaria de Turismo, Saymi Pineda Velasco, expres\u00f3 que este espacio permitir\u00e1 el posicionamiento de la entidad en el \u00e1mbito internacional, toda vez que el mezcal es una bebida tradicional de los pueblos.<\/p>\n\n\n\n<p>Dijo que a trav\u00e9s de la muestra tambi\u00e9n se promover\u00e1 la interacci\u00f3n directa con el p\u00fablico y con las personas compradoras, lo que favorecer\u00e1 el trabajo de las y los mezcaleros de Oaxaca.<\/p>\n\n\n\n<p>Pineda Velasco agradeci\u00f3 la colaboraci\u00f3n con la Fundaci\u00f3n Casa de M\u00e9xico en Espa\u00f1a para lograr esta exposici\u00f3n que enaltece la pluralidad, biodiversidad y tradici\u00f3n de una industria que beneficia a numerosas familias del estado. Asimismo, reconoci\u00f3 a las y los maestros mezcaleros que aportaron botellas para el Muro del Mezcal.<\/p>\n\n\n\n<p>La exposici\u00f3n abarca una amplia variedad de categor\u00edas, tipos de agaves, ensambles y dise\u00f1os \u00fanicos de botellas; tambi\u00e9n destacan las diversas zonas de producci\u00f3n y las comunidades de Oaxaca que preservan esta tradici\u00f3n.<\/p>\n","protected":false},"excerpt":{"rendered":"<p>Redacci\u00f3n\/Zona Roja. Oaxaca de Ju\u00e1rez, Oax., a 24 de enero de 2025.- Con el objetivo&hellip;<\/p>\n","protected":false},"author":2,"featured_media":76818,"comment_status":"closed","ping_status":"open","sticky":false,"template":"","format":"standard","meta":{"_lmt_disableupdate":"","_lmt_disable":"","_jetpack_memberships_contains_paid_content":false,"footnotes":""},"categories":[109,46],"tags":[1031],"class_list":["post-76828","post","type-post","status-publish","format-standard","has-post-thumbnail","hentry","category-minuto-a-minuto","category-zona-blanca","tag-secretaria-de-turismo-oaxaca"],"jetpack_featured_media_url":"https:\/\/zonaroja.com.mx\/wp-content\/uploads\/2025\/01\/SECTUR-Alianza-Pacifico-2.jpeg","jetpack_sharing_enabled":true,"_links":{"self":[{"href":"https:\/\/zonaroja.com.mx\/index.php?rest_route=\/wp\/v2\/posts\/76828","targetHints":{"allow":["GET"]}}],"collection":[{"href":"https:\/\/zonaroja.com.mx\/index.php?rest_route=\/wp\/v2\/posts"}],"about":[{"href":"https:\/\/zonaroja.com.mx\/index.php?rest_route=\/wp\/v2\/types\/post"}],"author":[{"embeddable":true,"href":"https:\/\/zonaroja.com.mx\/index.php?rest_route=\/wp\/v2\/users\/2"}],"replies":[{"embeddable":true,"href":"https:\/\/zonaroja.com.mx\/index.php?rest_route=%2Fwp%2Fv2%2Fcomments&post=76828"}],"version-history":[{"count":1,"href":"https:\/\/zonaroja.com.mx\/index.php?rest_route=\/wp\/v2\/posts\/76828\/revisions"}],"predecessor-version":[{"id":76829,"href":"https:\/\/zonaroja.com.mx\/index.php?rest_route=\/wp\/v2\/posts\/76828\/revisions\/76829"}],"wp:featuredmedia":[{"embeddable":true,"href":"https:\/\/zonaroja.com.mx\/index.php?rest_route=\/wp\/v2\/media\/76818"}],"wp:attachment":[{"href":"https:\/\/zonaroja.com.mx\/index.php?rest_route=%2Fwp%2Fv2%2Fmedia&parent=76828"}],"wp:term":[{"taxonomy":"category","embeddable":true,"href":"https:\/\/zonaroja.com.mx\/index.php?rest_route=%2Fwp%2Fv2%2Fcategories&post=76828"},{"taxonomy":"post_tag","embeddable":true,"href":"https:\/\/zonaroja.com.mx\/index.php?rest_route=%2Fwp%2Fv2%2Ftags&post=76828"}],"curies":[{"name":"wp","href":"https:\/\/api.w.org\/{rel}","templated":true}]}}