{"id":76835,"date":"2025-01-24T18:40:52","date_gmt":"2025-01-25T00:40:52","guid":{"rendered":"https:\/\/zonaroja.com.mx\/?p=76835"},"modified":"2025-01-24T18:40:55","modified_gmt":"2025-01-25T00:40:55","slug":"usa-trump-aviones-militares-para-iniciar-deportacion-de-migrantes","status":"publish","type":"post","link":"https:\/\/zonaroja.com.mx\/?p=76835","title":{"rendered":"Usa Trump aviones militares para iniciar deportaci\u00f3n de migrantes"},"content":{"rendered":"\n<p>Redacci\u00f3n\/Zona Roja Cdmx.<\/p>\n\n\n\n<p>Ciudad de M\u00e9xico, a 24 de enero de 2025.- Aviones militares C-17 de Estados Unidos comenzaron a sacar migrantes del pa\u00eds por orden del presidente Donald Trump, mientras el Pent\u00e1gono se prepara para enviar a\u00fan m\u00e1s tropas a la frontera sur, incluidas las de \u00e9lite de la divisi\u00f3n Aerotransportada 82 del Ej\u00e9rcito.<\/p>\n\n\n\n<p>En el pasado se han usado aviones militares estadounidenses para trasladar a personas de un pa\u00eds a otro, como durante la retirada de Estados Unidos de Afganist\u00e1n en 2021.<\/p>\n\n\n\n<p>Sin embargo, esta fue la primera vez en la memoria reciente que se usaron aviones militares para sacar a migrantes de Estados Unidos, dijo un funcionario.<\/p>\n\n\n\n<p>Mientras tanto, la Agencia de Inmigraci\u00f3n y Aduanas de Estados Unidos (ICE) inform\u00f3 que, hasta el momento, se han detenido a 538 migrantes sin documentos y deportado a centenares en la operaci\u00f3n contra la inmigraci\u00f3n irregular<\/p>\n\n\n\n<p>Trump, en su primer d\u00eda en el cargo, declar\u00f3 la migraci\u00f3n ilegal una emergencia nacional, encargando a las Fuerzas Armadas estadounidenses que ayuden a la seguridad fronteriza, emitiendo una amplia prohibici\u00f3n de asilo y tomando medidas para restringir la ciudadan\u00eda para los ni\u00f1os nacidos en suelo estadounidense.<\/p>\n\n\n\n<p>Su decreto del 20 de enero orden\u00f3 al Pent\u00e1gono que env\u00ede tantas tropas como fuera necesario para obtener \u201cel control operativo completo de la frontera sur de Estados Unidos\u201d.<\/p>\n\n\n\n<p>\u201cLos vuelos de deportaci\u00f3n han comenzado\u201d, dijo la portavoz de la Casa Blanca, Karoline Leavitt, en una publicaci\u00f3n en X.<\/p>\n\n\n\n<p>El mi\u00e9rcoles se inici\u00f3 el despliegue de unos mil 500 militares en la frontera con M\u00e9xico y ese mismo d\u00eda el secretario de Defensa en funciones, Robert Salesses, anunci\u00f3 que hab\u00eda autorizado el env\u00edo de esas tropas y de helic\u00f3pteros y su respectivo personal, as\u00ed como de analistas de inteligencia que ayuden en las labores de detecci\u00f3n y control.<\/p>\n\n\n\n<p>Seg\u00fan sus cifras, esto representa un aumento del 60 por ciento en el n\u00famero de fuerzas activas sobre el terreno desde que Trump asumi\u00f3 el cargo el lunes.<\/p>\n\n\n\n<p>El viernes, dos aviones militares estadounidenses, cada uno con unos 80 migrantes, volaron de Estados Unidos a Guatemala, indic\u00f3 un funcionario estadounidense a periodistas.<\/p>\n\n\n\n<p>El Pent\u00e1gono ha dicho que los militares estadounidenses proporcionar\u00edan vuelos para las deportaciones de m\u00e1s de cinco mil migrantes retenidos por las autoridades estadounidenses en El Paso, en Texas, y San Diego, en California.<\/p>\n\n\n\n<p>A principios de esta semana, el Gobierno de Trump dijo que el Ej\u00e9rcito estadounidense enviar\u00eda mil 500 soldados adicionales en servicio activo a la frontera con M\u00e9xico.<\/p>\n\n\n\n<p>Funcionarios estadounidenses dijeron a Reuters que el Ej\u00e9rcito se estaba preparando para enviar una segunda oleada de tropas a la frontera con M\u00e9xico tan pronto como la pr\u00f3xima semana, que probablemente incluir\u00eda tropas de la divisi\u00f3n Aerotransportada 82.<\/p>\n\n\n\n<p>(Informaci\u00f3n de las agencias Reuters y EFE en \u201cEl Sol de M\u00e9xico\u201d)<\/p>\n","protected":false},"excerpt":{"rendered":"<p>Redacci\u00f3n\/Zona Roja Cdmx. Ciudad de M\u00e9xico, a 24 de enero de 2025.- Aviones militares C-17&hellip;<\/p>\n","protected":false},"author":2,"featured_media":76836,"comment_status":"closed","ping_status":"open","sticky":false,"template":"","format":"standard","meta":{"_lmt_disableupdate":"","_lmt_disable":"","_jetpack_memberships_contains_paid_content":false,"footnotes":""},"categories":[109,47],"tags":[4167],"class_list":["post-76835","post","type-post","status-publish","format-standard","has-post-thumbnail","hentry","category-minuto-a-minuto","category-zona-gris","tag-deportacion-de-migrantes-en-eu"],"jetpack_featured_media_url":"https:\/\/zonaroja.com.mx\/wp-content\/uploads\/2025\/01\/Deportacion-de-migrantes-desde-EU.webp","jetpack_sharing_enabled":true,"_links":{"self":[{"href":"https:\/\/zonaroja.com.mx\/index.php?rest_route=\/wp\/v2\/posts\/76835","targetHints":{"allow":["GET"]}}],"collection":[{"href":"https:\/\/zonaroja.com.mx\/index.php?rest_route=\/wp\/v2\/posts"}],"about":[{"href":"https:\/\/zonaroja.com.mx\/index.php?rest_route=\/wp\/v2\/types\/post"}],"author":[{"embeddable":true,"href":"https:\/\/zonaroja.com.mx\/index.php?rest_route=\/wp\/v2\/users\/2"}],"replies":[{"embeddable":true,"href":"https:\/\/zonaroja.com.mx\/index.php?rest_route=%2Fwp%2Fv2%2Fcomments&post=76835"}],"version-history":[{"count":1,"href":"https:\/\/zonaroja.com.mx\/index.php?rest_route=\/wp\/v2\/posts\/76835\/revisions"}],"predecessor-version":[{"id":76837,"href":"https:\/\/zonaroja.com.mx\/index.php?rest_route=\/wp\/v2\/posts\/76835\/revisions\/76837"}],"wp:featuredmedia":[{"embeddable":true,"href":"https:\/\/zonaroja.com.mx\/index.php?rest_route=\/wp\/v2\/media\/76836"}],"wp:attachment":[{"href":"https:\/\/zonaroja.com.mx\/index.php?rest_route=%2Fwp%2Fv2%2Fmedia&parent=76835"}],"wp:term":[{"taxonomy":"category","embeddable":true,"href":"https:\/\/zonaroja.com.mx\/index.php?rest_route=%2Fwp%2Fv2%2Fcategories&post=76835"},{"taxonomy":"post_tag","embeddable":true,"href":"https:\/\/zonaroja.com.mx\/index.php?rest_route=%2Fwp%2Fv2%2Ftags&post=76835"}],"curies":[{"name":"wp","href":"https:\/\/api.w.org\/{rel}","templated":true}]}}