{"id":7684,"date":"2020-01-14T22:23:23","date_gmt":"2020-01-15T04:23:23","guid":{"rendered":"http:\/\/www.zonaroja.com.mx\/?p=7684"},"modified":"2020-01-14T22:26:14","modified_gmt":"2020-01-15T04:26:14","slug":"reconoce-cnte-avances-en-sus-demandas-tras-reunirse-con-amlo","status":"publish","type":"post","link":"https:\/\/zonaroja.com.mx\/?p=7684","title":{"rendered":"Reconoce CNTE avances en sus demandas, tras reunirse con AMLO"},"content":{"rendered":"\n<p>Redacci\u00f3n\/Zona\nRoja Cdmx.<\/p>\n\n\n\n<p>Ciudad de\nM\u00e9xico, 14 de enero de 2020.- Representantes de la Coordinadora Nacional de\nTrabajadores de la Educaci\u00f3n (CNTE) se reunieron hoy por casi dos horas con el Presidente\nAndr\u00e9s Manuel L\u00f3pez Obrador, tras lo cual aseveraron que hay avances en la\natenci\u00f3n a los conflictos heredados de la reforma educativa.<\/p>\n\n\n\n<p>Entre estos,\nindicaron que se encuentra la revisi\u00f3n de casos de maestros cesados, presos pol\u00edticos\ny adeudos; indicaron que el mandatario federal encarg\u00f3 al titular de la\nSecretar\u00eda de Educaci\u00f3n P\u00fablica, Esteban Moctezuma, dar seguimiento a los\nacuerdos.<\/p>\n\n\n\n<p>De acuerdo\ncon Pedro G\u00f3mez Bamaca, secretario general de la secci\u00f3n 7 de Chiapas, las\nmesas de negociaci\u00f3n \u201cse van a recesar tantito y nos vamos a volver a encontrar\nen dos meses, el 17 de marzo a las 11 de la ma\u00f1ana, para hacer una valoraci\u00f3n\nsi es que algo queda incumplido de los acuerdos\u201d.<\/p>\n\n\n\n<p>A su vez, Eloy\nL\u00f3pez Hern\u00e1ndez, secretario general de la secci\u00f3n 22 de Oaxaca, dijo que el\njefe del Ejecutivo instruy\u00f3 tanto a Moctezuma como al secretario de Hacienda,\nArturo Herrera, para que se calendarice de forma inmediata la entrega de\npresupuesto a fin de que se ejecute lo m\u00e1s pronto posible y se resuelvan todas\nlas problem\u00e1ticas en cada una de las entidades, tal y como se estableci\u00f3 en las\nminutas de las siete mesas de negociaci\u00f3n sostenidas.<\/p>\n\n\n\n<p>Por su\nparte, V\u00edctor Manuel Zavala, de la secci\u00f3n 18 de Michoac\u00e1n, explic\u00f3 que un tema\nfundamental en la mesa de educaci\u00f3n p\u00fablica y normalismo es el acuerdo de la\nreapertura de la Normal Rural de El Mexe y que \u00e9sta pertenezca a las normales\np\u00fablicas del pa\u00eds y no a la Universidad del Bienestar.<\/p>\n","protected":false},"excerpt":{"rendered":"<p>Redacci\u00f3n\/Zona Roja Cdmx. Ciudad de M\u00e9xico, 14 de enero de 2020.- Representantes de la Coordinadora&hellip;<\/p>\n","protected":false},"author":2,"featured_media":3891,"comment_status":"closed","ping_status":"open","sticky":false,"template":"","format":"standard","meta":{"_lmt_disableupdate":"","_lmt_disable":"","_jetpack_memberships_contains_paid_content":false,"footnotes":""},"categories":[109,47],"tags":[1283],"class_list":["post-7684","post","type-post","status-publish","format-standard","has-post-thumbnail","hentry","category-minuto-a-minuto","category-zona-gris","tag-coordinadora-nacional-de-trabajadores-de-la-educacion-cnte"],"jetpack_featured_media_url":"https:\/\/zonaroja.com.mx\/wp-content\/uploads\/2019\/09\/cnte2.jpg","jetpack_sharing_enabled":true,"_links":{"self":[{"href":"https:\/\/zonaroja.com.mx\/index.php?rest_route=\/wp\/v2\/posts\/7684","targetHints":{"allow":["GET"]}}],"collection":[{"href":"https:\/\/zonaroja.com.mx\/index.php?rest_route=\/wp\/v2\/posts"}],"about":[{"href":"https:\/\/zonaroja.com.mx\/index.php?rest_route=\/wp\/v2\/types\/post"}],"author":[{"embeddable":true,"href":"https:\/\/zonaroja.com.mx\/index.php?rest_route=\/wp\/v2\/users\/2"}],"replies":[{"embeddable":true,"href":"https:\/\/zonaroja.com.mx\/index.php?rest_route=%2Fwp%2Fv2%2Fcomments&post=7684"}],"version-history":[{"count":1,"href":"https:\/\/zonaroja.com.mx\/index.php?rest_route=\/wp\/v2\/posts\/7684\/revisions"}],"predecessor-version":[{"id":7685,"href":"https:\/\/zonaroja.com.mx\/index.php?rest_route=\/wp\/v2\/posts\/7684\/revisions\/7685"}],"wp:featuredmedia":[{"embeddable":true,"href":"https:\/\/zonaroja.com.mx\/index.php?rest_route=\/wp\/v2\/media\/3891"}],"wp:attachment":[{"href":"https:\/\/zonaroja.com.mx\/index.php?rest_route=%2Fwp%2Fv2%2Fmedia&parent=7684"}],"wp:term":[{"taxonomy":"category","embeddable":true,"href":"https:\/\/zonaroja.com.mx\/index.php?rest_route=%2Fwp%2Fv2%2Fcategories&post=7684"},{"taxonomy":"post_tag","embeddable":true,"href":"https:\/\/zonaroja.com.mx\/index.php?rest_route=%2Fwp%2Fv2%2Ftags&post=7684"}],"curies":[{"name":"wp","href":"https:\/\/api.w.org\/{rel}","templated":true}]}}