{"id":76844,"date":"2025-01-24T21:30:11","date_gmt":"2025-01-25T03:30:11","guid":{"rendered":"https:\/\/zonaroja.com.mx\/?p=76844"},"modified":"2025-01-24T21:30:19","modified_gmt":"2025-01-25T03:30:19","slug":"dia-historico-concluyen-y-abren-supercarretera-al-istmo","status":"publish","type":"post","link":"https:\/\/zonaroja.com.mx\/?p=76844","title":{"rendered":"D\u00eda hist\u00f3rico: concluyen y abren supercarretera al Istmo"},"content":{"rendered":"\n<p>Redacci\u00f3n\/Zona Roja.<\/p>\n\n\n\n<p>Oaxaca de Ju\u00e1rez, Oax., a 24 de enero de 2025.- La Presidenta de M\u00e9xico, Claudia Sheinbaum Pardo, inaugur\u00f3 hoy la supercarretera Mitla-Tehuantepec, tramo Llano Crucero-San Juan Lachixila, con lo que se pone en operaci\u00f3n sus 169 kil\u00f3metros (km), reduciendo as\u00ed el tiempo de traslado de cuatro horas y media a dos horas y media de la capital del estado al Istmo de Tehuantepec, en beneficio de 1.4 millones de personas de 14 municipios.&nbsp;<\/p>\n\n\n\n<p>\u201cEstamos aqu\u00ed para inaugurar esta carretera, que ten\u00eda a\u00f1os trat\u00e1ndose de terminar, y finalmente la termin\u00f3 el mejor Presidente de M\u00e9xico, Andr\u00e9s Manuel L\u00f3pez Obrador, la Mitla-Tehuantepec. Una carretera muy importante para Oaxaca. Aqu\u00ed hay que agradecer, adem\u00e1s, a Grupo Carso, muchas gracias por todo el trabajo que hicieron. Muy dif\u00edcil hacer esta carretera: muchos puentes, t\u00faneles, muy complicado\u201d, destac\u00f3.<\/p>\n\n\n\n<p>Adem\u00e1s, anunci\u00f3 obras prioritarias de infraestructura para el estado de Oaxaca, como la carretera Salina Cruz-Zihuatanejo, cuyos trabajos comenzar\u00e1n este a\u00f1o en Pochutla; la repavimentaci\u00f3n de todas las carreteras federales y estatales; la continuidad en la construcci\u00f3n de caminos artesanales; la presa Paso Ancho para el suministro de agua potable, obras en las que se consultar\u00e1n a las comunidades.<\/p>\n\n\n\n<p>La continuidad en las obras de la de la L\u00ednea K del Tren Interoce\u00e1nico que conecta con la frontera con Guatemala; la creaci\u00f3n de los Polos para el Bienestar, as\u00ed como de vivienda rural y urbana a trav\u00e9s del Programa Nacional de Vivienda para el Bienestar, entre otras acciones.&nbsp;<\/p>\n\n\n\n<p>Ante las y los oaxaque\u00f1os destac\u00f3 que con el Segundo Piso de la Cuarta Transformaci\u00f3n de la vida p\u00fablica de M\u00e9xico se fortalece la econom\u00eda mexicana por lo que en la actualidad el peso se mantiene fuerte, hay un r\u00e9cord hist\u00f3rico de Inversi\u00f3n Extranjera Directa (IED); adem\u00e1s de que la inflaci\u00f3n en enero fue m\u00e1s baja que las registradas en noviembre y diciembre 2024.\u00a0<\/p>\n\n\n\n<figure class=\"wp-block-embed is-type-rich is-provider-twitter wp-block-embed-twitter\"><div class=\"wp-block-embed__wrapper\">\n<div class=\"twitter-tweet\"><blockquote class=\"twitter-tweet\" data-lang=\"es\"><p lang=\"es\" dir=\"ltr\"><a href=\"https:\/\/twitter.com\/hashtag\/%C3%9AltimoMinuto?src=hash&amp;ref_src=twsrc%5Etfw\">#\u00daltimoMinuto<\/a><br>En su mensaje ante los oaxaque\u00f1os, desde San Pablo Villa de Mitla, la Presidenta <a href=\"https:\/\/twitter.com\/Claudiashein?ref_src=twsrc%5Etfw\">@Claudiashein<\/a> destac\u00f3 la inauguraci\u00f3n de la supercarretera al Istmo. <br>Habl\u00f3 adem\u00e1s de los proyectos y m\u00faltiples apoyos que hay la entidad. <br>Este es parte de lo que dijo esta tarde: <a href=\"https:\/\/t.co\/mdtPnVu7HQ\">pic.twitter.com\/mdtPnVu7HQ<\/a><\/p>&mdash; Zona Roja Oaxaca (@ZonaRoja_Oaxaca) <a href=\"https:\/\/twitter.com\/ZonaRoja_Oaxaca\/status\/1882892246670037186?ref_src=twsrc%5Etfw\">24 de enero de 2025<\/a><\/blockquote><\/div>\n<\/div><\/figure>\n\n\n\n<p>\u201cQuiere decir que la econom\u00eda est\u00e1 bien. Y est\u00e1 bien porque no hemos cambiado la forma de gobernar, gobernamos con el principio de \u2018por el bien de todos, primero los pobres\u2019, y eso no va a cambiar, porque somos la Cuarta Transformaci\u00f3n de la vida p\u00fablica\u201d, asever\u00f3.<\/p>\n\n\n\n<p>Asimismo, puntualiz\u00f3 que, bajo la visi\u00f3n del Humanismo Mexicano, hoy se reconocen los derechos de los pueblos originarios y afromexicanos dentro de la Constituci\u00f3n Pol\u00edtica, lo que permitir\u00e1 que este a\u00f1o m\u00e1s de 13 mil comunidades ind\u00edgenas y afromexicanas cuenten con un presupuesto que se les entregar\u00e1 de manera directa.&nbsp;<\/p>\n\n\n\n<p>\u201cLa grandeza de M\u00e9xico viene de los pueblos originarios, viene de nuestra historia, de la grandeza hist\u00f3rica, pero de los pueblos originarios de hoy y particularmente en Oaxaca, donde todav\u00eda tienen pr\u00e1cticas, donde todav\u00eda tienen usos y costumbres, como el tequio, que refleja la solidaridad, la fraternidad, el apoyo mutuo; la tierra comunal, que es esencia de Oaxaca y de los pueblos originarios. Eso que es parte de lo que somos como mexicanos, de la grandeza cultural, hoy se reconoce en la Constituci\u00f3n de la Rep\u00fablica\u201d, afirm\u00f3.<\/p>\n\n\n\n<p>LAS OBRAS<\/p>\n\n\n\n<p>El secretario de Infraestructura, Comunicaciones y Transportes, Jes\u00fas Antonio Esteva Medina, detall\u00f3 que la construcci\u00f3n de los 57 kil\u00f3metros del tramo Llano Crucero a San Juan Lachixila de la carretera Mitla-Tehuantepec, atendi\u00f3 uno de los trayectos que en 20 a\u00f1os no pudo construirse y que comenz\u00f3 a realizarse en la administraci\u00f3n del expresidente Andr\u00e9s Manuel L\u00f3pez Obrador y fue continuada en el Segundo Piso de la Transformaci\u00f3n.&nbsp;<\/p>\n\n\n\n<p>Precis\u00f3 que para la conclusi\u00f3n del tramo se requiri\u00f3 la participaci\u00f3n de 2 mil 942 trabajadores y trabajadoras para la implementaci\u00f3n de 124 estructuras, 10 t\u00faneles de 1.6 km, el m\u00e1s extenso de 250 metros; 20 entronques que representan cerca de 30 km de gasas vehiculares.&nbsp;<\/p>\n\n\n\n<p>As\u00ed como 79 puentes y viaductos de 6.5 km de longitud y de entre 15 a 110 metros de altura. Adem\u00e1s de cerca de 30 millones de metros c\u00fabicos de corte en los cerros, casi 14 millones de rellenos, casi 16 millones de metros c\u00fabicos, mil 274 trabes, 42 mil toneladas de acero y 89 mil metros c\u00fabicos de mezcla asf\u00e1ltica.<\/p>\n\n\n\n<p>Destac\u00f3 que esta carretera reduce de cuatro horas y media a dos horas y media el tiempo de traslado en beneficio de 1.4 millones de habitantes de 14 municipios aleda\u00f1os y \u00a0tan solo en diciembre, tuvo un aforo de 15 mil veh\u00edculos.\u00a0<\/p>\n\n\n\n<figure class=\"wp-block-embed is-type-rich is-provider-twitter wp-block-embed-twitter\"><div class=\"wp-block-embed__wrapper\">\n<div class=\"twitter-tweet\"><blockquote class=\"twitter-tweet\" data-lang=\"es\"><p lang=\"es\" dir=\"ltr\"><a href=\"https:\/\/twitter.com\/hashtag\/%C3%9AltimoMinuto?src=hash&amp;ref_src=twsrc%5Etfw\">#\u00daltimoMinuto<\/a><br>En San Pablo Villa de Mitla, la Presidenta de M\u00e9xico, <a href=\"https:\/\/twitter.com\/Claudiashein?ref_src=twsrc%5Etfw\">@Claudiashein<\/a>, encabeza el acto de inauguraci\u00f3n de la supercarretera al Istmo, en su tramo Mitla-Tehuantepec.\u00a0<br>Este es el mensaje de bienvenida del gobernador de Oaxaca, <a href=\"https:\/\/twitter.com\/salomonj?ref_src=twsrc%5Etfw\">@salomonj<\/a>: <a href=\"https:\/\/t.co\/liucDUMstx\">pic.twitter.com\/liucDUMstx<\/a><\/p>&mdash; Zona Roja Oaxaca (@ZonaRoja_Oaxaca) <a href=\"https:\/\/twitter.com\/ZonaRoja_Oaxaca\/status\/1882882219112591362?ref_src=twsrc%5Etfw\">24 de enero de 2025<\/a><\/blockquote><\/div>\n<\/div><\/figure>\n\n\n\n<p>LA INVERSI\u00d3N<\/p>\n\n\n\n<p>El gobernador de Oaxaca, Salom\u00f3n Jara Cruz, inform\u00f3 que la carretera tuvo una inversi\u00f3n de 42 mil millones de pesos (mdp), por ello reconoci\u00f3 el esfuerzo de la Presidenta por concluir esta obra que inici\u00f3 con el expresidente Andr\u00e9s Manuel L\u00f3pez Obrador, la cual asever\u00f3 va a detonar el crecimiento tur\u00edstico y desarrollo econ\u00f3mico.&nbsp;<\/p>\n\n\n\n<p>\u201cHoy inauguramos esta autopista que conecta al Oaxaca de ayer con el Oaxaca de ma\u00f1ana, donde nuestras ra\u00edces se proyectan hacia un modelo de desarrollo construido desde abajo\u201d, celebr\u00f3.&nbsp;<\/p>\n\n\n\n<p>Al evento tambi\u00e9n asistieron el director general del Banco Nacional de Obras y Servicios P\u00fablicos, Jorge Mendoza S\u00e1nchez; la subsecretaria de Transporte de la Secretar\u00eda de Infraestructura, Comunicaciones y Transportes, Tania Carro Toledo; el subsecretario de Infraestructura de la Secretar\u00eda de Infraestructura, Comunicaciones y Transportes, Juan Carlos Fuentes Orrala; el secretario T\u00e9cnico del Gabinete de la Presidencia y coordinador general de Programas para el Bienestar, Carlos Torres Rosas y el presidente municipal constitucional de la Villa de Mitla, Esa\u00fa L\u00f3pez Quero.<\/p>\n","protected":false},"excerpt":{"rendered":"<p>Redacci\u00f3n\/Zona Roja. Oaxaca de Ju\u00e1rez, Oax., a 24 de enero de 2025.- La Presidenta de&hellip;<\/p>\n","protected":false},"author":2,"featured_media":76845,"comment_status":"closed","ping_status":"open","sticky":false,"template":"","format":"standard","meta":{"_lmt_disableupdate":"","_lmt_disable":"","_jetpack_memberships_contains_paid_content":false,"footnotes":""},"categories":[109,46],"tags":[3370,939],"class_list":["post-76844","post","type-post","status-publish","format-standard","has-post-thumbnail","hentry","category-minuto-a-minuto","category-zona-blanca","tag-claudia-sheinbaum","tag-salomon-jara-cruz"],"jetpack_featured_media_url":"https:\/\/zonaroja.com.mx\/wp-content\/uploads\/2025\/01\/Claudia-Shenibaum-y-gobernador-de-Oaxaca-supercarretera.jpeg","jetpack_sharing_enabled":true,"_links":{"self":[{"href":"https:\/\/zonaroja.com.mx\/index.php?rest_route=\/wp\/v2\/posts\/76844","targetHints":{"allow":["GET"]}}],"collection":[{"href":"https:\/\/zonaroja.com.mx\/index.php?rest_route=\/wp\/v2\/posts"}],"about":[{"href":"https:\/\/zonaroja.com.mx\/index.php?rest_route=\/wp\/v2\/types\/post"}],"author":[{"embeddable":true,"href":"https:\/\/zonaroja.com.mx\/index.php?rest_route=\/wp\/v2\/users\/2"}],"replies":[{"embeddable":true,"href":"https:\/\/zonaroja.com.mx\/index.php?rest_route=%2Fwp%2Fv2%2Fcomments&post=76844"}],"version-history":[{"count":1,"href":"https:\/\/zonaroja.com.mx\/index.php?rest_route=\/wp\/v2\/posts\/76844\/revisions"}],"predecessor-version":[{"id":76846,"href":"https:\/\/zonaroja.com.mx\/index.php?rest_route=\/wp\/v2\/posts\/76844\/revisions\/76846"}],"wp:featuredmedia":[{"embeddable":true,"href":"https:\/\/zonaroja.com.mx\/index.php?rest_route=\/wp\/v2\/media\/76845"}],"wp:attachment":[{"href":"https:\/\/zonaroja.com.mx\/index.php?rest_route=%2Fwp%2Fv2%2Fmedia&parent=76844"}],"wp:term":[{"taxonomy":"category","embeddable":true,"href":"https:\/\/zonaroja.com.mx\/index.php?rest_route=%2Fwp%2Fv2%2Fcategories&post=76844"},{"taxonomy":"post_tag","embeddable":true,"href":"https:\/\/zonaroja.com.mx\/index.php?rest_route=%2Fwp%2Fv2%2Ftags&post=76844"}],"curies":[{"name":"wp","href":"https:\/\/api.w.org\/{rel}","templated":true}]}}