{"id":76850,"date":"2025-01-25T08:30:00","date_gmt":"2025-01-25T14:30:00","guid":{"rendered":"https:\/\/zonaroja.com.mx\/?p=76850"},"modified":"2025-01-25T07:11:17","modified_gmt":"2025-01-25T13:11:17","slug":"accidentes-viales-en-oaxaca-dejan-dos-muertos-y-varios-heridos","status":"publish","type":"post","link":"https:\/\/zonaroja.com.mx\/?p=76850","title":{"rendered":"Accidentes viales en Oaxaca dejan dos muertos y varios heridos"},"content":{"rendered":"\n<p>Ismael Garc\u00eda M.\/Zona Roja.<\/p>\n\n\n\n<p>Oaxaca de Ju\u00e1rez, Oax., a 25 de enero de 2025.- Dos personas fallecidas y cerca de una decena de lesionados, es el saldo preliminar de varios percances ocurridos en menos de 24 horas en la regi\u00f3n Valles Centrales de Oaxaca.<\/p>\n\n\n\n<p>En los primeros minutos de este s\u00e1bado se registr\u00f3 un percance en la carretera federal 175 Oaxaca-Tuxtepec, en jurisdicci\u00f3n de San Andr\u00e9s Huay\u00e1pam, donde dos veh\u00edculos particulares chocaron.<\/p>\n\n\n\n<p>En el sitio perdi\u00f3 la vida una mujer, identificada de manera preliminar como Mar\u00eda V. G., mientras que el conductor de un auto marca Audi fue detenido en el sitio, en probable estado de ebriedad, como presunto responsable del accidente.<\/p>\n\n\n\n<p>Otro fuerte percance ocurri\u00f3 ayer por la ma\u00f1ana en la avenida Guadalupe Hinojosa, cerca de la sede del CRIT, en jurisdicci\u00f3n de San Isidro Monjas, Santa Cruz Xoxocotl\u00e1n.<\/p>\n\n\n\n<p>El conductor de una camioneta marca Ford, tipo Scape, se impact\u00f3 contra un poste de energ\u00eda el\u00e9ctrica y en el interior de la unidad qued\u00f3 sin vida el conductor, de nombre Juan Carlos R. B.<\/p>\n\n\n\n<p>Cerca del mediod\u00eda pero en inmediaciones de La Lobera, del municipio de Villa de Zaachila, una camioneta, a\u00fan no identificada, arroll\u00f3 a dos estudiantes del Centro de Bachillerato Tecnol\u00f3gico Agropecuario 78.<\/p>\n\n\n\n<p>Fueron atendidos por param\u00e9dicos y debido a las graves lesiones fueron trasladados a un hospital de la ciudad de Oaxaca.&nbsp;<\/p>\n\n\n\n<p>Las lesionadas fueron identificadas como Daysi Trinidad R. A. y Yamilet Lizzet R. A., de 17 y 15 a\u00f1os de edad, respectivamente.&nbsp;<\/p>\n\n\n\n<p>Otro fuerte percance ocurri\u00f3 en la carretera federal 131 Oaxaca-Puerto Escondido, cerca del crucero conocido como la Y, donde presuntamente un semoviente se le atraves\u00f3 a un taxi for\u00e1neo de Zimatl\u00e1n de \u00c1lvarez.<\/p>\n\n\n\n<p>El percance dej\u00f3 como saldo al menos cinco personas lesionadas, as\u00ed como severos da\u00f1os a la unidad de motor.<\/p>\n\n\n\n<p>Por otra parte, esta madrugada se report\u00f3 que una unidad de motor se desbarranc\u00f3, en la supercarretera Oaxaca-Cuacnopalan, a la altura del kil\u00f3metro 30, por lo cual el tr\u00e1nsito vehicular se cerr\u00f3 temporalmente para realizar maniobras de rescate; hasta ahora no hay reporte de v\u00edctimas.<\/p>\n","protected":false},"excerpt":{"rendered":"<p>Ismael Garc\u00eda M.\/Zona Roja. Oaxaca de Ju\u00e1rez, Oax., a 25 de enero de 2025.- Dos&hellip;<\/p>\n","protected":false},"author":2,"featured_media":76851,"comment_status":"closed","ping_status":"open","sticky":false,"template":"","format":"standard","meta":{"_lmt_disableupdate":"","_lmt_disable":"","_jetpack_memberships_contains_paid_content":false,"footnotes":""},"categories":[109,47],"tags":[3416],"class_list":["post-76850","post","type-post","status-publish","format-standard","has-post-thumbnail","hentry","category-minuto-a-minuto","category-zona-gris","tag-accidentes-carreteros-oaxaca"],"jetpack_featured_media_url":"https:\/\/zonaroja.com.mx\/wp-content\/uploads\/2025\/01\/Accidentes-Oaxaca.jpg","jetpack_sharing_enabled":true,"_links":{"self":[{"href":"https:\/\/zonaroja.com.mx\/index.php?rest_route=\/wp\/v2\/posts\/76850","targetHints":{"allow":["GET"]}}],"collection":[{"href":"https:\/\/zonaroja.com.mx\/index.php?rest_route=\/wp\/v2\/posts"}],"about":[{"href":"https:\/\/zonaroja.com.mx\/index.php?rest_route=\/wp\/v2\/types\/post"}],"author":[{"embeddable":true,"href":"https:\/\/zonaroja.com.mx\/index.php?rest_route=\/wp\/v2\/users\/2"}],"replies":[{"embeddable":true,"href":"https:\/\/zonaroja.com.mx\/index.php?rest_route=%2Fwp%2Fv2%2Fcomments&post=76850"}],"version-history":[{"count":1,"href":"https:\/\/zonaroja.com.mx\/index.php?rest_route=\/wp\/v2\/posts\/76850\/revisions"}],"predecessor-version":[{"id":76852,"href":"https:\/\/zonaroja.com.mx\/index.php?rest_route=\/wp\/v2\/posts\/76850\/revisions\/76852"}],"wp:featuredmedia":[{"embeddable":true,"href":"https:\/\/zonaroja.com.mx\/index.php?rest_route=\/wp\/v2\/media\/76851"}],"wp:attachment":[{"href":"https:\/\/zonaroja.com.mx\/index.php?rest_route=%2Fwp%2Fv2%2Fmedia&parent=76850"}],"wp:term":[{"taxonomy":"category","embeddable":true,"href":"https:\/\/zonaroja.com.mx\/index.php?rest_route=%2Fwp%2Fv2%2Fcategories&post=76850"},{"taxonomy":"post_tag","embeddable":true,"href":"https:\/\/zonaroja.com.mx\/index.php?rest_route=%2Fwp%2Fv2%2Ftags&post=76850"}],"curies":[{"name":"wp","href":"https:\/\/api.w.org\/{rel}","templated":true}]}}