{"id":76859,"date":"2025-01-25T10:24:00","date_gmt":"2025-01-25T16:24:00","guid":{"rendered":"https:\/\/zonaroja.com.mx\/?p=76859"},"modified":"2025-01-25T07:42:44","modified_gmt":"2025-01-25T13:42:44","slug":"que-mexico-nego-el-aterrizaje-de-un-avion-con-migrantes-deportados","status":"publish","type":"post","link":"https:\/\/zonaroja.com.mx\/?p=76859","title":{"rendered":"Que M\u00e9xico neg\u00f3 el aterrizaje de un avi\u00f3n con migrantes deportados"},"content":{"rendered":"\n<p>Redacci\u00f3n\/Zona Roja Cdmx.<\/p>\n\n\n\n<p>Ciudad de M\u00e9xico, a 25 de enero de 2025.- Este viernes, se difundi\u00f3 que el gobierno de M\u00e9xico habr\u00eda rechazado una solicitud del presidente de Estados Unidos, Donald Trump, para permitir el aterrizaje de un avi\u00f3n militar con migrantes deportados en territorio nacional, seg\u00fan confirmaron dos funcionarios de defensa estadounidenses.<\/p>\n\n\n\n<p>De acuerdo con el medio NBC News, dos aviones C-17 de la Fuerza A\u00e9rea con destino a Guatemala y 80 personas a bordo cada uno, salieron de Estados Unidos el jueves por la noche. Sin embargo, un tercer vuelo, programado para llegar a M\u00e9xico, nunca despeg\u00f3.<\/p>\n\n\n\n<p>La raz\u00f3n por la que este vuelo no habr\u00eda llegado a su destino, se\u00f1ala el medio estadounidense, se debe a que M\u00e9xico se habr\u00eda negado a autorizar el permiso para la entrada de la aeronave a territorio nacional.<\/p>\n\n\n\n<p>Sin embargo, tras darse a conocer esta versi\u00f3n, autoridades federales de ambas naciones salieron a desmentir esta informaci\u00f3n.<\/p>\n\n\n\n<p>Un funcionario de la Casa Blanca dijo a NBC en un mensaje de texto que \u201clo de los vuelos fue un problema administrativo y se solucion\u00f3 r\u00e1pidamente\u201d.<\/p>\n\n\n\n<p>Al respecto, la secretaria de prensa de la Casa Blanca, Karoline Leavitt, tambi\u00e9n neg\u00f3 esta informaci\u00f3n y public\u00f3 en su cuenta de X: \u201c\u00a1Ayer, M\u00e9xico acept\u00f3 un r\u00e9cord de 4 vuelos de deportaci\u00f3n en 1 d\u00eda!\u201d.<\/p>\n\n\n\n<p>\u201cEsto se suma a las devoluciones sin restricciones en la frontera terrestre, la deportaci\u00f3n de no mexicanos y el restablecimiento de la ley de Permanencia en M\u00e9xico. M\u00e9xico tambi\u00e9n ha movilizado a 30.000 guardias nacionales.\u201d, agreg\u00f3 en su post.&nbsp;<\/p>\n\n\n\n<p>Fuentes consultadas por El Financiero informaron que ning\u00fan controlador a\u00e9reo en M\u00e9xico neg\u00f3 el aterrizaje de un avi\u00f3n en el pa\u00eds. Agregaron que esa decisi\u00f3n pondr\u00eda en riesgo la vida de las personas y de la tripulaci\u00f3n de la aeronave.<\/p>\n\n\n\n<p>Poco despu\u00e9s, la Secretar\u00eda de Relaciones Exteriores (SRE), inform\u00f3 en su cuenta de X que cuando se trata de mexicanos en el extranjero, siempre recibir\u00e1n de brazos abiertos a sus connacionales.<\/p>\n\n\n\n<p>\u201cTrat\u00e1ndose de repatriaciones, siempre aceptaremos la llegada de mexicanas y mexicanos a nuestro territorio con los brazos abiertos.\u201d, escribi\u00f3 en un tuit.<\/p>\n\n\n\n<p>La Canciller\u00eda asegur\u00f3 que M\u00e9xico tiene muy buena relaci\u00f3n con su vecino del norte y que ambos pa\u00edses cooperan con respeto a sus soberan\u00edas en una gran variedad de temas, incluyendo la migraci\u00f3n.<\/p>\n\n\n\n<p>(Informaci\u00f3n de \u201cEl Financiero\u201d)<\/p>\n","protected":false},"excerpt":{"rendered":"<p>Redacci\u00f3n\/Zona Roja Cdmx. Ciudad de M\u00e9xico, a 25 de enero de 2025.- Este viernes, se&hellip;<\/p>\n","protected":false},"author":2,"featured_media":76861,"comment_status":"closed","ping_status":"open","sticky":false,"template":"","format":"standard","meta":{"_lmt_disableupdate":"","_lmt_disable":"","_jetpack_memberships_contains_paid_content":false,"footnotes":""},"categories":[109,47],"tags":[4167],"class_list":["post-76859","post","type-post","status-publish","format-standard","has-post-thumbnail","hentry","category-minuto-a-minuto","category-zona-gris","tag-deportacion-de-migrantes-en-eu"],"jetpack_featured_media_url":"https:\/\/zonaroja.com.mx\/wp-content\/uploads\/2025\/01\/Deportados-migrantes.webp","jetpack_sharing_enabled":true,"_links":{"self":[{"href":"https:\/\/zonaroja.com.mx\/index.php?rest_route=\/wp\/v2\/posts\/76859","targetHints":{"allow":["GET"]}}],"collection":[{"href":"https:\/\/zonaroja.com.mx\/index.php?rest_route=\/wp\/v2\/posts"}],"about":[{"href":"https:\/\/zonaroja.com.mx\/index.php?rest_route=\/wp\/v2\/types\/post"}],"author":[{"embeddable":true,"href":"https:\/\/zonaroja.com.mx\/index.php?rest_route=\/wp\/v2\/users\/2"}],"replies":[{"embeddable":true,"href":"https:\/\/zonaroja.com.mx\/index.php?rest_route=%2Fwp%2Fv2%2Fcomments&post=76859"}],"version-history":[{"count":1,"href":"https:\/\/zonaroja.com.mx\/index.php?rest_route=\/wp\/v2\/posts\/76859\/revisions"}],"predecessor-version":[{"id":76862,"href":"https:\/\/zonaroja.com.mx\/index.php?rest_route=\/wp\/v2\/posts\/76859\/revisions\/76862"}],"wp:featuredmedia":[{"embeddable":true,"href":"https:\/\/zonaroja.com.mx\/index.php?rest_route=\/wp\/v2\/media\/76861"}],"wp:attachment":[{"href":"https:\/\/zonaroja.com.mx\/index.php?rest_route=%2Fwp%2Fv2%2Fmedia&parent=76859"}],"wp:term":[{"taxonomy":"category","embeddable":true,"href":"https:\/\/zonaroja.com.mx\/index.php?rest_route=%2Fwp%2Fv2%2Fcategories&post=76859"},{"taxonomy":"post_tag","embeddable":true,"href":"https:\/\/zonaroja.com.mx\/index.php?rest_route=%2Fwp%2Fv2%2Ftags&post=76859"}],"curies":[{"name":"wp","href":"https:\/\/api.w.org\/{rel}","templated":true}]}}