{"id":76866,"date":"2025-01-25T12:30:00","date_gmt":"2025-01-25T18:30:00","guid":{"rendered":"https:\/\/zonaroja.com.mx\/?p=76866"},"modified":"2025-01-25T07:55:47","modified_gmt":"2025-01-25T13:55:47","slug":"abre-xoxocotlan-la-convocatoria-para-representacion-en-la-guelaguetza","status":"publish","type":"post","link":"https:\/\/zonaroja.com.mx\/?p=76866","title":{"rendered":"Abre Xoxocotl\u00e1n la convocatoria para representaci\u00f3n en la Guelaguetza"},"content":{"rendered":"\n<p>Redacci\u00f3n\/Zona Roja.<\/p>\n\n\n\n<p>Oaxaca de Ju\u00e1rez, Oax., a 25 de enero de 2025.- La Guelaguetza es uno de los eventos m\u00e1s importantes de Oaxaca, y este a\u00f1o, el municipio de Santa Cruz Xoxocotl\u00e1n busca talentos para representarlo en la fiesta multicultural.<\/p>\n\n\n\n<p>La convocatoria est\u00e1 dirigida a todos los habitantes del municipio que tengan inter\u00e9s en participar.<\/p>\n\n\n\n<p>Las y los interesados deben cumplir con ciertos requisitos, como ser originario y radicar en Santa Cruz Xoxocotl\u00e1n, ser mayor de 18 a\u00f1os, tener conocimientos b\u00e1sicos de danza, disponibilidad de tiempo para ensayos y actividades, y conocer las tradiciones y costumbres del municipio.<\/p>\n\n\n\n<p>Las inscripciones est\u00e1n abiertas y cierran el 30 de enero de 2025, en las oficinas de la Direcci\u00f3n de Cultura, ubicadas en la calle Vicente Guerrero, esquina con Morelos, colonia Centro. El horario de atenci\u00f3n es de lunes a viernes de 9:00 a 16:00 horas, y s\u00e1bados de 9:00 a 13:00 horas.&nbsp;<\/p>\n\n\n\n<p>La selecci\u00f3n estar\u00e1 a cargo de la Comisi\u00f3n Cultural Comunitaria y se realizar\u00e1 en audici\u00f3n p\u00fablica el 1 de febrero de 2025.<\/p>\n\n\n\n<p>La convocatoria para la selecci\u00f3n de la delegaci\u00f3n oficial de Santa Cruz Xoxocotl\u00e1n para la Guelaguetza 2025, est\u00e1 disponible en las redes sociales del gobierno municipal.&nbsp;<\/p>\n\n\n\n<p>Esta es una oportunidad para que los talentos del municipio puedan brillar en uno de los eventos culturales m\u00e1s importantes de Oaxaca.<\/p>\n","protected":false},"excerpt":{"rendered":"<p>Redacci\u00f3n\/Zona Roja. Oaxaca de Ju\u00e1rez, Oax., a 25 de enero de 2025.- La Guelaguetza es&hellip;<\/p>\n","protected":false},"author":2,"featured_media":76867,"comment_status":"closed","ping_status":"open","sticky":false,"template":"","format":"standard","meta":{"_lmt_disableupdate":"","_lmt_disable":"","_jetpack_memberships_contains_paid_content":false,"footnotes":""},"categories":[109,46],"tags":[133],"class_list":["post-76866","post","type-post","status-publish","format-standard","has-post-thumbnail","hentry","category-minuto-a-minuto","category-zona-blanca","tag-santa-cruz-xoxocotlan"],"jetpack_featured_media_url":"https:\/\/zonaroja.com.mx\/wp-content\/uploads\/2025\/01\/GiEpAwsaMAYEfsN.jpeg","jetpack_sharing_enabled":true,"_links":{"self":[{"href":"https:\/\/zonaroja.com.mx\/index.php?rest_route=\/wp\/v2\/posts\/76866","targetHints":{"allow":["GET"]}}],"collection":[{"href":"https:\/\/zonaroja.com.mx\/index.php?rest_route=\/wp\/v2\/posts"}],"about":[{"href":"https:\/\/zonaroja.com.mx\/index.php?rest_route=\/wp\/v2\/types\/post"}],"author":[{"embeddable":true,"href":"https:\/\/zonaroja.com.mx\/index.php?rest_route=\/wp\/v2\/users\/2"}],"replies":[{"embeddable":true,"href":"https:\/\/zonaroja.com.mx\/index.php?rest_route=%2Fwp%2Fv2%2Fcomments&post=76866"}],"version-history":[{"count":1,"href":"https:\/\/zonaroja.com.mx\/index.php?rest_route=\/wp\/v2\/posts\/76866\/revisions"}],"predecessor-version":[{"id":76868,"href":"https:\/\/zonaroja.com.mx\/index.php?rest_route=\/wp\/v2\/posts\/76866\/revisions\/76868"}],"wp:featuredmedia":[{"embeddable":true,"href":"https:\/\/zonaroja.com.mx\/index.php?rest_route=\/wp\/v2\/media\/76867"}],"wp:attachment":[{"href":"https:\/\/zonaroja.com.mx\/index.php?rest_route=%2Fwp%2Fv2%2Fmedia&parent=76866"}],"wp:term":[{"taxonomy":"category","embeddable":true,"href":"https:\/\/zonaroja.com.mx\/index.php?rest_route=%2Fwp%2Fv2%2Fcategories&post=76866"},{"taxonomy":"post_tag","embeddable":true,"href":"https:\/\/zonaroja.com.mx\/index.php?rest_route=%2Fwp%2Fv2%2Ftags&post=76866"}],"curies":[{"name":"wp","href":"https:\/\/api.w.org\/{rel}","templated":true}]}}