{"id":7687,"date":"2020-01-14T22:28:12","date_gmt":"2020-01-15T04:28:12","guid":{"rendered":"http:\/\/www.zonaroja.com.mx\/?p=7687"},"modified":"2020-01-14T22:28:17","modified_gmt":"2020-01-15T04:28:17","slug":"comen-en-palacio-nacional-presidente-y-gobernadores-de-mexico","status":"publish","type":"post","link":"https:\/\/zonaroja.com.mx\/?p=7687","title":{"rendered":"Comen en Palacio Nacional Presidente y gobernadores de M\u00e9xico"},"content":{"rendered":"\n<p>Redacci\u00f3n\/Zona\nRoja Cdmx.<\/p>\n\n\n\n<p>Ciudad de\nM\u00e9xico, 14 de enero de 2020.- Con una convocatoria a la unidad y a estrechar la\ncoordinaci\u00f3n entre los gobiernos estatales y la Federaci\u00f3n, el presidente\nAndr\u00e9s Manuel L\u00f3pez Obrador ofreci\u00f3 una comida de cortes\u00eda por inicio de a\u00f1o a\nlos gobernadores de los estados. <\/p>\n\n\n\n<p>\u00danico orador\nen el encuentro efectuado en Palacio Nacional, no se abordaron temas pol\u00edticos\nespec\u00edficos.<\/p>\n\n\n\n<p>De la comida\nofrecida en la que se sirvi\u00f3, entre otros platillos, alb\u00f3ndiga de pejelagarto,\nse ofreci\u00f3 que pr\u00f3ximamente se realizar\u00e1n reuniones espec\u00edficas con mandatarios\nestatales por partidos pol\u00edticos , seg\u00fan lo dio a conocer el gobernador de\nGuanajuato, Diego Sinhue Rodr\u00edguez Vallejo, quien puntualiz\u00f3 que no se\nabordaron ni la problem\u00e1tica del Instituto de Salud para el Bienestar ni de\nseguridad p\u00fablica.<\/p>\n\n\n\n<p>Rodr\u00edguez\npuntualiz\u00f3 que en los pr\u00f3ximos d\u00edas se reunir\u00e1n los mandatarios panistas para\nconformar una propuesta formal relacionado con el Insabi y el esquema d\ncoordinaci\u00f3n que los gobiernos emanados de Acci\u00f3n Nacional tendr\u00e1n con el\ngobierno federal en torno al Insabi<\/p>\n\n\n\n<p>A su vez, el\nmandatario de Quer\u00e9taro, Francisco Dom\u00ednguez afirm\u00f3 que las reuniones con\ngobernadores por grupo partidista no pasar\u00e1n del mes de febrero. No tenemos una\nposici\u00f3n fija, se van a reunir nuestros secretarios de salud el jueves y los\ngobernadores panistas se reunir\u00e1n el s\u00e1bado en M\u00e9rida \u2013previo al informe- para\nver si podemos tomar ya una posici\u00f3n<\/p>\n\n\n\n<p>Por su\nparte, el gobernador del estado de M\u00e9xico, Alfredo del Mazo detall\u00f3 que fue un\nencuentro en el que se reiter\u00f3 el \u00e1nimo de trabajar de manera coordinada sin\nuna agenda espec\u00edfica. A pregunta expresa, Del Mazo coment\u00f3 que en t\u00e9rminos\ngenerales coinciden con el gobierno federal en la necesidad de fortalecer los\nsistemas de saud y ofrecer servicio gratuito a las personas de escasos\nrecursos.<\/p>\n\n\n\n<p>El\ngobernador de Jalisco, Enrique Alfaro defini\u00f3 que fu un encuentro de cortes\u00eda\npara el inicio de a\u00f1o. A pregunta expresa sobre el Insabi dijo que bajo las\ncondiciones establecidas es muy dif\u00edcil firmar y apoyar esa iniciativa,\nesperamos que pronto haya reglas claras para que se definan algunos aspectos\naun no clarificadas para asegurar la gratuidad los servicios de salud.<\/p>\n\n\n\n<p>REUNI\u00d3N DE\nSEGURIDAD<\/p>\n\n\n\n<p>Previamente,\ngobernadores apelaron al \u201crespeto mutuo\u201d con el gobierno federal y a la\n\u201cneutralidad pol\u00edtica\u201d, por encima de las diferencias ideol\u00f3gicas, para abordar\nel problema de la seguridad en el pa\u00eds.<\/p>\n\n\n\n<p>Al t\u00e9rmino\nde una reuni\u00f3n entre los miembros de la Conferencia Nacional de Gobernadores\n(Conago) y del gabinete de seguridad, el secretario de Seguridad dijo que el\nacuerdo fue \u201ccerrar filas\u201d para el combate al crimen.<\/p>\n\n\n\n<p>\u201cNos hemos\npropuesto revisar los protocolos de control de armas, de tal manera que haya un\nmejoramiento en las medidas de seguridad para evitar robos o mal uso de ellos\u201d,\ndijo.<\/p>\n\n\n\n<p>Se inform\u00f3\ntambi\u00e9n sobre el despliegue de la Guardia Nacional que actualmente se ubica en\n75 mil 762 elementos; este a\u00f1o ser\u00e1n reclutados 21 mil 170 nuevos aspirantes.<\/p>\n\n\n\n<p>Igualmente\nfortalecer a los municipios en el \u00e1mbito de seguridad , considerado este nivel\nc\u00f3mo uno de los eslabones m\u00e1s d\u00e9biles.<\/p>\n\n\n\n<p>PRONUNCIAMIENTO<\/p>\n\n\n\n<p>Aqu\u00ed el\npronunciamiento conjunto emitido hoy, entre gobernadores y gabinete de\nseguridad:<\/p>\n\n\n\n<p>Quienes\nintegramos la Conferencia Nacional de Gobernadores y el Gobierno de M\u00e9xico,\nreconocemos que nuestro pa\u00eds atraviesa por un momento decisivo en materia de\nseguridad.<\/p>\n\n\n\n<p>La\nconstrucci\u00f3n de la paz y el garante de seguridad y justicia que tanto anhela y\ndemanda el pueblo de M\u00e9xico, es una obligaci\u00f3n que nos compete a todos los\n\u00f3rdenes de gobierno y la propia sociedad. Las reformas constitucionales en\nmateria de seguridad, y las leyes reglamentarias aprobadas en esta Legislatura,\nbrindan las herramientas necesarias para tal fin.<\/p>\n\n\n\n<p>En el marco\nde este esfuerzo, los Miembros de la Conferencia Nacional de Gobernadores,\nacordamos trabajar de la mano del Gobierno Federal, convencidos de que por\nencima de las diferencias ideol\u00f3gicas que se puedan presentar, siempre deber\u00e1\nprevalecer la unidad y la voluntad de trabajo en torno a los grandes retos\nnacionales que signifiquen bienestar para los mexicanos<\/p>\n\n\n\n<p>Por ello,\nratificamos nuestro compromiso para coadyuvar al desarrollo integral del pa\u00eds,\nanteponiendo el inter\u00e9s superior de la Naci\u00f3n por sobre las partidistas y de\ncualquier otra \u00edndole, que caracterizan a un Estado democr\u00e1tico como el\nnuestro.<\/p>\n\n\n\n<p>As\u00ed, en el\nmarco del respeto mutuo que nos rige, la Gobernadora, la Jefa de Gobierno de la\nCiudad de M\u00e9xico, los Gobernadores y el Gobierno de M\u00e9xico acordamos:<\/p>\n\n\n\n<p>\u2022 Anteponer\nla neutralidad pol\u00edtica en materia de seguridad;<\/p>\n\n\n\n<p>\u2022 Hacer\nprevalecer el principio de unidad en torno a los grandes problemas que aquejan\nal pa\u00eds; y<\/p>\n\n\n\n<p>\u2022 Mejorar\nlos mecanismos de coordinaci\u00f3n interinstitucional, con el fin de fortalecer la\nEstrategia Nacional de Seguridad P\u00fablica, a trav\u00e9s de las Coordinaciones\nEstatales y Regionales para la Construcci\u00f3n de Paz y Seguridad.<\/p>\n\n\n\n<p>Ese es\nnuestro compromiso, el cual estamos ciertos que con firmeza, voluntad y\ncooperaci\u00f3n lograremos cumplirlo por el bien de M\u00e9xico.<\/p>\n\n\n\n<p>(Con\ninformaci\u00f3n de \u201cLa Jornada\u201d)<\/p>\n","protected":false},"excerpt":{"rendered":"<p>Redacci\u00f3n\/Zona Roja Cdmx. Ciudad de M\u00e9xico, 14 de enero de 2020.- Con una convocatoria a&hellip;<\/p>\n","protected":false},"author":2,"featured_media":7688,"comment_status":"closed","ping_status":"open","sticky":false,"template":"","format":"standard","meta":{"_lmt_disableupdate":"","_lmt_disable":"","_jetpack_memberships_contains_paid_content":false,"footnotes":""},"categories":[109,46],"tags":[143],"class_list":["post-7687","post","type-post","status-publish","format-standard","has-post-thumbnail","hentry","category-minuto-a-minuto","category-zona-blanca","tag-andres-manuel-lopez-obrador"],"jetpack_featured_media_url":"https:\/\/zonaroja.com.mx\/wp-content\/uploads\/2020\/01\/AMLO-y-gobernadores.png","jetpack_sharing_enabled":true,"_links":{"self":[{"href":"https:\/\/zonaroja.com.mx\/index.php?rest_route=\/wp\/v2\/posts\/7687","targetHints":{"allow":["GET"]}}],"collection":[{"href":"https:\/\/zonaroja.com.mx\/index.php?rest_route=\/wp\/v2\/posts"}],"about":[{"href":"https:\/\/zonaroja.com.mx\/index.php?rest_route=\/wp\/v2\/types\/post"}],"author":[{"embeddable":true,"href":"https:\/\/zonaroja.com.mx\/index.php?rest_route=\/wp\/v2\/users\/2"}],"replies":[{"embeddable":true,"href":"https:\/\/zonaroja.com.mx\/index.php?rest_route=%2Fwp%2Fv2%2Fcomments&post=7687"}],"version-history":[{"count":1,"href":"https:\/\/zonaroja.com.mx\/index.php?rest_route=\/wp\/v2\/posts\/7687\/revisions"}],"predecessor-version":[{"id":7689,"href":"https:\/\/zonaroja.com.mx\/index.php?rest_route=\/wp\/v2\/posts\/7687\/revisions\/7689"}],"wp:featuredmedia":[{"embeddable":true,"href":"https:\/\/zonaroja.com.mx\/index.php?rest_route=\/wp\/v2\/media\/7688"}],"wp:attachment":[{"href":"https:\/\/zonaroja.com.mx\/index.php?rest_route=%2Fwp%2Fv2%2Fmedia&parent=7687"}],"wp:term":[{"taxonomy":"category","embeddable":true,"href":"https:\/\/zonaroja.com.mx\/index.php?rest_route=%2Fwp%2Fv2%2Fcategories&post=7687"},{"taxonomy":"post_tag","embeddable":true,"href":"https:\/\/zonaroja.com.mx\/index.php?rest_route=%2Fwp%2Fv2%2Ftags&post=7687"}],"curies":[{"name":"wp","href":"https:\/\/api.w.org\/{rel}","templated":true}]}}