{"id":76872,"date":"2025-01-25T14:00:00","date_gmt":"2025-01-25T20:00:00","guid":{"rendered":"https:\/\/zonaroja.com.mx\/?p=76872"},"modified":"2025-01-25T08:02:13","modified_gmt":"2025-01-25T14:02:13","slug":"llega-la-marina-estadounidense-a-proteger-la-frontera-con-mexico","status":"publish","type":"post","link":"https:\/\/zonaroja.com.mx\/?p=76872","title":{"rendered":"Llega la Marina estadounidense a proteger la frontera con M\u00e9xico"},"content":{"rendered":"\n<p>Redacci\u00f3n\/Zona Roja Cdmx.<\/p>\n\n\n\n<p>Ciudad de M\u00e9xico, a 25 de enero de 2025.- La Casa Blanca comparti\u00f3 im\u00e1genes de los primeros elementos del cuerpo de Marines que llegaron a la frontera con M\u00e9xico para apoyar a la Oficina de Aduanas y Protecci\u00f3n Fronteriza (CBP, por sus siglas en ingl\u00e9s), a fin de \u201cproteger\u201d a Estados Unidos.<\/p>\n\n\n\n<p>Por medio de su cuenta de X escribi\u00f3: \u00abPromesa hecha &#8211;&gt; \u00a1Promesa CUMPLIDA!\u00bb; adem\u00e1s, comparti\u00f3 un video sobre el despliegue de los marines en la frontera sur estadunidense.<\/p>\n\n\n\n<p>Las grabaciones muestran a camiones operando en su territorio a unos metros del lado mexicano, mientras se prepara el terreno para el aterrizaje de aeronaves con militares armados.<\/p>\n\n\n\n<p>Militares en activo empezaron a llegar el jueves por la noche a El Paso, Texas, y San Diego, en lo que funcionarios de defensa dijeron se trata del primer despliegue para reforzar la seguridad en la frontera sur.<\/p>\n\n\n\n<p>El Pent\u00e1gono anunci\u00f3 el mi\u00e9rcoles que se enviar\u00e1 a aproximadamente mil 500 elementos a la frontera esta semana, mientras el departamento se apresura a poner en marcha la orden ejecutiva del presidente Donald Trump en la que exige medidas en\u00e9rgicas en contra de la migraci\u00f3n.<\/p>\n\n\n\n<p>Las autoridades federales dijeron que se orden\u00f3 el despliegue de elementos adicionales en los pr\u00f3ximos d\u00edas, a medida que funcionarios de Defensa y Seguridad Nacional concreten las solicitudes de m\u00e1s apoyo.<\/p>\n\n\n\n<p>Los funcionarios indicaron que a\u00fan no est\u00e1 claro cu\u00e1ntos m\u00e1s miembros del servicio ser\u00e1n convocados en un futuro cercano, pero incluir\u00edan a militares en activo, la Guardia Nacional y las Reservas, y provendr\u00edan de las fuerzas terrestres, a\u00e9reas y navales. Otros funcionarios de defensa y militares esta semana estimaron que el n\u00famero adicional desplegado podr\u00eda ser de miles.<\/p>\n\n\n\n<p>Las tropas anunciadas incluyen aproximadamente mil soldados del Ej\u00e9rcito de una variedad de unidades y 500 marines de Camp Pendleton en California.<\/p>\n\n\n\n<p>Los funcionarios indicaron que anticipan que la mayor\u00eda de ellos se encuentren en El Paso o San Diego antes del viernes, donde recibir\u00e1n sus asignaciones y se preparar\u00e1n para dispersarse a lo largo de la frontera. Los funcionarios hablaron bajo condici\u00f3n de anonimato a fin de proporcionar detalles sobre los movimientos.<\/p>\n\n\n\n<p>A lo largo de la frontera ya se contaba con el despliegue de alrededor de 2 mil 500 elementos de la Guardia Nacional y la Reserva, y los mil 500 adicionales se sumar\u00e1n a ese total. Sin embargo, los funcionarios se\u00f1alaron que, dada la longitud de la frontera de casi 3 mil 200 kil\u00f3metros con M\u00e9xico, se necesitar\u00e1n elementos adicionales para ayudar a colocar barreras de alambre de p\u00faas y proporcionar el transporte, inteligencia y dem\u00e1s asistencia a la Patrulla Fronteriza.<\/p>\n\n\n\n<p>Hasta ayer a\u00fan no hab\u00eda solicitudes para el uso de bases militares para albergar migrantes ni para que las tropas sean utilizadas en la aplicaci\u00f3n de la ley.<\/p>\n\n\n\n<p>(Con informaci\u00f3n de AP en \u201cLa Jornada\u201d)<\/p>\n","protected":false},"excerpt":{"rendered":"<p>Redacci\u00f3n\/Zona Roja Cdmx. Ciudad de M\u00e9xico, a 25 de enero de 2025.- La Casa Blanca&hellip;<\/p>\n","protected":false},"author":2,"featured_media":76873,"comment_status":"closed","ping_status":"open","sticky":false,"template":"","format":"standard","meta":{"_lmt_disableupdate":"","_lmt_disable":"","_jetpack_memberships_contains_paid_content":false,"footnotes":""},"categories":[109,47],"tags":[4167],"class_list":["post-76872","post","type-post","status-publish","format-standard","has-post-thumbnail","hentry","category-minuto-a-minuto","category-zona-gris","tag-deportacion-de-migrantes-en-eu"],"jetpack_featured_media_url":"https:\/\/zonaroja.com.mx\/wp-content\/uploads\/2025\/01\/Marina-EU-migrantes-frontera.jpg","jetpack_sharing_enabled":true,"_links":{"self":[{"href":"https:\/\/zonaroja.com.mx\/index.php?rest_route=\/wp\/v2\/posts\/76872","targetHints":{"allow":["GET"]}}],"collection":[{"href":"https:\/\/zonaroja.com.mx\/index.php?rest_route=\/wp\/v2\/posts"}],"about":[{"href":"https:\/\/zonaroja.com.mx\/index.php?rest_route=\/wp\/v2\/types\/post"}],"author":[{"embeddable":true,"href":"https:\/\/zonaroja.com.mx\/index.php?rest_route=\/wp\/v2\/users\/2"}],"replies":[{"embeddable":true,"href":"https:\/\/zonaroja.com.mx\/index.php?rest_route=%2Fwp%2Fv2%2Fcomments&post=76872"}],"version-history":[{"count":1,"href":"https:\/\/zonaroja.com.mx\/index.php?rest_route=\/wp\/v2\/posts\/76872\/revisions"}],"predecessor-version":[{"id":76874,"href":"https:\/\/zonaroja.com.mx\/index.php?rest_route=\/wp\/v2\/posts\/76872\/revisions\/76874"}],"wp:featuredmedia":[{"embeddable":true,"href":"https:\/\/zonaroja.com.mx\/index.php?rest_route=\/wp\/v2\/media\/76873"}],"wp:attachment":[{"href":"https:\/\/zonaroja.com.mx\/index.php?rest_route=%2Fwp%2Fv2%2Fmedia&parent=76872"}],"wp:term":[{"taxonomy":"category","embeddable":true,"href":"https:\/\/zonaroja.com.mx\/index.php?rest_route=%2Fwp%2Fv2%2Fcategories&post=76872"},{"taxonomy":"post_tag","embeddable":true,"href":"https:\/\/zonaroja.com.mx\/index.php?rest_route=%2Fwp%2Fv2%2Ftags&post=76872"}],"curies":[{"name":"wp","href":"https:\/\/api.w.org\/{rel}","templated":true}]}}