{"id":76887,"date":"2025-01-26T09:30:00","date_gmt":"2025-01-26T15:30:00","guid":{"rendered":"https:\/\/zonaroja.com.mx\/?p=76887"},"modified":"2025-01-26T07:11:11","modified_gmt":"2025-01-26T13:11:11","slug":"otro-accidente-carretero-fatal-con-saldo-de-un-fallecido","status":"publish","type":"post","link":"https:\/\/zonaroja.com.mx\/?p=76887","title":{"rendered":"Otro accidente carretero fatal con saldo de un fallecido"},"content":{"rendered":"\n<p>Raymundo Morales\/Zona Roja.<\/p>\n\n\n\n<p>Oaxaca de Ju\u00e1rez, Oax., a 26 de enero de 2025.- Los percances viales con desenlaces fatales no paran en Oaxaca y anoche muri\u00f3 un motociclista, tras presuntamente ser arrollado.<\/p>\n\n\n\n<p>Fue alrededor de las 21:00 horas en que se registr\u00f3 el accidente sobre la carretera federal 190 Oaxaca-Istmo, jurisdicci\u00f3n de San Francisco Tanivet, Tlacolula.<\/p>\n\n\n\n<p>Al parecer la motocicleta fue impactada por otra unidad de motor, tras lo cual se dio a la fuga; en el lugar perdi\u00f3 la vida un joven y otro m\u00e1s, identificado como Omar E. M., result\u00f3 lesionado y trasladado a un hospital.<\/p>\n\n\n\n<p>La motocicleta era de la marca Italika, con placas de circulaci\u00f3n 88EPW9 del estado de Oaxaca.<\/p>\n\n\n\n<p>Por otra parte, como Azael A. S. fue identificado el presunto responsable de un accidente en que perdi\u00f3 la vida una mujer y otro masculino result\u00f3 lesionado, ayer por la madrugada.<\/p>\n\n\n\n<p>El percance ocurri\u00f3 en la v\u00eda federal 175, en jurisdicci\u00f3n de San Francisco Tutla, donde el conductor del auto marca Audi, con placas de circulaci\u00f3n B81BAY, en probable estado de ebriedad, impact\u00f3 un coche tipo Polo, marca Volkswagen.<\/p>\n\n\n\n<p>En este \u00faltimo veh\u00edculo qued\u00f3 sin vida una femenina identificada como Martha Iveth V. G., de 43 a\u00f1os de edad, mientras que result\u00f3 lesionado Marcelo A. J., de 55 a\u00f1os de edad.<\/p>\n\n\n\n<p>Polic\u00edas municipales de Santa Luc\u00eda del Camino arribaron de inmediato al lugar y detuvieron al presunto responsable, quien fue puesto a disposici\u00f3n de las autoridades ministeriales de la Fiscal\u00eda General del Estado de Oaxaca.<\/p>\n","protected":false},"excerpt":{"rendered":"<p>Raymundo Morales\/Zona Roja. Oaxaca de Ju\u00e1rez, Oax., a 26 de enero de 2025.- Los percances&hellip;<\/p>\n","protected":false},"author":2,"featured_media":76888,"comment_status":"closed","ping_status":"open","sticky":false,"template":"","format":"standard","meta":{"_lmt_disableupdate":"","_lmt_disable":"","_jetpack_memberships_contains_paid_content":false,"footnotes":""},"categories":[109,47],"tags":[3416],"class_list":["post-76887","post","type-post","status-publish","format-standard","has-post-thumbnail","hentry","category-minuto-a-minuto","category-zona-gris","tag-accidentes-carreteros-oaxaca"],"jetpack_featured_media_url":"https:\/\/zonaroja.com.mx\/wp-content\/uploads\/2025\/01\/Motociclista-muere-accidente-carretera-190-Tlacolula.jpeg","jetpack_sharing_enabled":true,"_links":{"self":[{"href":"https:\/\/zonaroja.com.mx\/index.php?rest_route=\/wp\/v2\/posts\/76887","targetHints":{"allow":["GET"]}}],"collection":[{"href":"https:\/\/zonaroja.com.mx\/index.php?rest_route=\/wp\/v2\/posts"}],"about":[{"href":"https:\/\/zonaroja.com.mx\/index.php?rest_route=\/wp\/v2\/types\/post"}],"author":[{"embeddable":true,"href":"https:\/\/zonaroja.com.mx\/index.php?rest_route=\/wp\/v2\/users\/2"}],"replies":[{"embeddable":true,"href":"https:\/\/zonaroja.com.mx\/index.php?rest_route=%2Fwp%2Fv2%2Fcomments&post=76887"}],"version-history":[{"count":1,"href":"https:\/\/zonaroja.com.mx\/index.php?rest_route=\/wp\/v2\/posts\/76887\/revisions"}],"predecessor-version":[{"id":76889,"href":"https:\/\/zonaroja.com.mx\/index.php?rest_route=\/wp\/v2\/posts\/76887\/revisions\/76889"}],"wp:featuredmedia":[{"embeddable":true,"href":"https:\/\/zonaroja.com.mx\/index.php?rest_route=\/wp\/v2\/media\/76888"}],"wp:attachment":[{"href":"https:\/\/zonaroja.com.mx\/index.php?rest_route=%2Fwp%2Fv2%2Fmedia&parent=76887"}],"wp:term":[{"taxonomy":"category","embeddable":true,"href":"https:\/\/zonaroja.com.mx\/index.php?rest_route=%2Fwp%2Fv2%2Fcategories&post=76887"},{"taxonomy":"post_tag","embeddable":true,"href":"https:\/\/zonaroja.com.mx\/index.php?rest_route=%2Fwp%2Fv2%2Ftags&post=76887"}],"curies":[{"name":"wp","href":"https:\/\/api.w.org\/{rel}","templated":true}]}}