{"id":76893,"date":"2025-01-26T00:22:00","date_gmt":"2025-01-26T06:22:00","guid":{"rendered":"https:\/\/zonaroja.com.mx\/?p=76893"},"modified":"2025-01-26T07:23:42","modified_gmt":"2025-01-26T13:23:42","slug":"detienen-a-individuo-acusado-de-pederastia-en-guichicovi-oaxaca","status":"publish","type":"post","link":"https:\/\/zonaroja.com.mx\/?p=76893","title":{"rendered":"Detienen a individuo acusado de pederastia en Guichicovi, Oaxaca"},"content":{"rendered":"\n<p>Redacci\u00f3n\/Zona Roja.<\/p>\n\n\n\n<p>Oaxaca de Ju\u00e1rez, Oax., a 27 de enero de 2025.- La Fiscal\u00eda General del Estado de Oaxaca (FGEO) dio cumplimiento una orden de aprehensi\u00f3n que permiti\u00f3 la detenci\u00f3n de una persona del sexo masculino identificado como F.B.F., por el delito de pederastia, ocurrido en la regi\u00f3n del Istmo.<\/p>\n\n\n\n<p>Elementos de la Agencia Estatal de Investigaciones (AEI) llevaron a cabo un operativo para realizar la detenci\u00f3n de F. B. F., cuando se encontraba en la agencia de polic\u00eda El Chocolate del municipio de San Juan Guichicovi, en la regi\u00f3n del Istmo de Tehuantepec.<\/p>\n\n\n\n<p>De acuerdo con el expediente penal, el 28 de septiembre de 2024, la v\u00edctima (una menor de edad cuya identidad est\u00e1 reservada por ley) hab\u00eda acudido a un domicilio ubicado en San Juan Guichicovi, cuando fue agredida.<\/p>\n\n\n\n<p>Al tener conocimiento de los hechos, gracias a la denuncia oportuna de las v\u00edctimas, la FGEO inici\u00f3 las investigaciones ministeriales correspondientes a trav\u00e9s de la Vicefiscal\u00eda Regional de la Costa, logrando obtener una orden de aprehensi\u00f3n en contra de F.B.F., quien luego de su detenci\u00f3n fue presentado ante el Ministerio P\u00fablico para su proceso legal correspondiente.<\/p>\n\n\n\n<p>DETENIDA POR FRAUDE<\/p>\n\n\n\n<p>En otro caso, la Fiscal\u00eda de Oaxaca, en colaboraci\u00f3n con la Fiscal\u00eda de Veracruz, ejecutaron una orden de aprehensi\u00f3n que permiti\u00f3 la detenci\u00f3n de una persona del sexo femenino identificada como D.C.G.R., por el delito de fraude, ocurrido en la regi\u00f3n de la Cuenca del Papaloapan.<\/p>\n\n\n\n<p>La detenci\u00f3n se llev\u00f3 a cabo en la colonia Centro del municipio de Coatzacoalcos, perteneciente al estado de Veracruz, la cual se llev\u00f3 a cabo gracias a la coordinaci\u00f3n de la Polic\u00eda de Investigaci\u00f3n de aquella entidad y Agentes Estatales de Investigaci\u00f3n de Oaxaca, a trav\u00e9s de la Vicefiscal\u00eda Regional de la Cuenca.<\/p>\n\n\n\n<p>De acuerdo con el expediente penal, el 4 de abril de 2022, la v\u00edctima identificada con iniciales M.J.E.A., acudi\u00f3 a una empresa de financiamiento ubicada en una plaza comercial del municipio de San Juan Bautista Tuxtepec donde entreg\u00f3 una fuerte suma de dinero como pago del enganche por la compra de un veh\u00edculo de motor, as\u00ed como el pago de las mensualidades en los tiempos requeridos, sin embargo, la unidad de motor nunca le fue entregada por lo que realiz\u00f3 su denuncia ante la FGEO.<\/p>\n\n\n\n<p>Al tener conocimiento de los hechos, la FGEO inici\u00f3 las investigaciones ministeriales correspondientes a trav\u00e9s de la Vicefiscal\u00eda Regional de la Cuenca, logrando obtener una orden de aprehensi\u00f3n en contra de D.C.G.R., por el delito de fraude.<\/p>\n\n\n\n<p>Una vez realizadas las labores de localizaci\u00f3n, se pudo establecer el paradero de D.C.G.R., por lo que se solicit\u00f3 la colaboraci\u00f3n de la Fiscal\u00eda de Veracruz para la ejecuci\u00f3n de la orden de aprehensi\u00f3n en su contra.<\/p>\n\n\n\n<p>Luego de ser detenida se efectuaron los tr\u00e1mites legales correspondientes para su traslado a Oaxaca y con ello, ponerla a disposici\u00f3n de la autoridad ministerial competente.<\/p>\n","protected":false},"excerpt":{"rendered":"<p>Redacci\u00f3n\/Zona Roja. Oaxaca de Ju\u00e1rez, Oax., a 27 de enero de 2025.- La Fiscal\u00eda General&hellip;<\/p>\n","protected":false},"author":2,"featured_media":76894,"comment_status":"closed","ping_status":"open","sticky":false,"template":"","format":"standard","meta":{"_lmt_disableupdate":"","_lmt_disable":"","_jetpack_memberships_contains_paid_content":false,"footnotes":""},"categories":[109,46],"tags":[494],"class_list":["post-76893","post","type-post","status-publish","format-standard","has-post-thumbnail","hentry","category-minuto-a-minuto","category-zona-blanca","tag-fiscalia-general-del-estado-de-oaxaca"],"jetpack_featured_media_url":"https:\/\/zonaroja.com.mx\/wp-content\/uploads\/2025\/01\/Pederasta-detenido-Guichicovi.jpg","jetpack_sharing_enabled":true,"_links":{"self":[{"href":"https:\/\/zonaroja.com.mx\/index.php?rest_route=\/wp\/v2\/posts\/76893","targetHints":{"allow":["GET"]}}],"collection":[{"href":"https:\/\/zonaroja.com.mx\/index.php?rest_route=\/wp\/v2\/posts"}],"about":[{"href":"https:\/\/zonaroja.com.mx\/index.php?rest_route=\/wp\/v2\/types\/post"}],"author":[{"embeddable":true,"href":"https:\/\/zonaroja.com.mx\/index.php?rest_route=\/wp\/v2\/users\/2"}],"replies":[{"embeddable":true,"href":"https:\/\/zonaroja.com.mx\/index.php?rest_route=%2Fwp%2Fv2%2Fcomments&post=76893"}],"version-history":[{"count":1,"href":"https:\/\/zonaroja.com.mx\/index.php?rest_route=\/wp\/v2\/posts\/76893\/revisions"}],"predecessor-version":[{"id":76895,"href":"https:\/\/zonaroja.com.mx\/index.php?rest_route=\/wp\/v2\/posts\/76893\/revisions\/76895"}],"wp:featuredmedia":[{"embeddable":true,"href":"https:\/\/zonaroja.com.mx\/index.php?rest_route=\/wp\/v2\/media\/76894"}],"wp:attachment":[{"href":"https:\/\/zonaroja.com.mx\/index.php?rest_route=%2Fwp%2Fv2%2Fmedia&parent=76893"}],"wp:term":[{"taxonomy":"category","embeddable":true,"href":"https:\/\/zonaroja.com.mx\/index.php?rest_route=%2Fwp%2Fv2%2Fcategories&post=76893"},{"taxonomy":"post_tag","embeddable":true,"href":"https:\/\/zonaroja.com.mx\/index.php?rest_route=%2Fwp%2Fv2%2Ftags&post=76893"}],"curies":[{"name":"wp","href":"https:\/\/api.w.org\/{rel}","templated":true}]}}