{"id":76899,"date":"2025-01-26T13:00:00","date_gmt":"2025-01-26T19:00:00","guid":{"rendered":"https:\/\/zonaroja.com.mx\/?p=76899"},"modified":"2025-01-26T07:29:42","modified_gmt":"2025-01-26T13:29:42","slug":"opinion-juan-antonio-vera-invisible-o-profugo","status":"publish","type":"post","link":"https:\/\/zonaroja.com.mx\/?p=76899","title":{"rendered":"Opini\u00f3n. Juan Antonio Vera \u00bfinvisible o pr\u00f3fugo?\u00a0"},"content":{"rendered":"\n<p>Soledad Jarqu\u00edn \u00c9dgar*\/SemM\u00e9xico<\/p>\n\n\n\n<p>Mar\u00eda Elena R\u00edos Ortiz ha exigido, nuevamente, que le aclaren \u00bfen d\u00f3nde est\u00e1 Juan Antonio Vera Carrizal? Y como ya es costumbre ninguna \u201cautoridad\u201d le informa, violando sus derechos como v\u00edctima directa y, peor a\u00fan, le voltean (por oficio) el chirri\u00f3n por el palito, como bien dec\u00eda mi abuelita Lucha.<\/p>\n\n\n\n<p>Si a nivel nacional Morena y el PRI se juran odio, en Oaxaca el PRIMOR existe. Eso explica y nada m\u00e1s que eso, la protecci\u00f3n contra un exdiputado local priista y empresario gasolinero, quien est\u00e1 acusado de participar en el atentado con \u00e1cido contra la saxofonista oaxaque\u00f1a en septiembre de 2019.<\/p>\n\n\n\n<p>El pasado 19 diciembre, R\u00edos Ortiz demostr\u00f3 la ligereza y las medidas relajadas que emplea el gobierno de Salom\u00f3n Jara para tratar a un presunto culpable, sin polic\u00edas que lo custodien, ni adentro ni afuera del hospital, sin mencionar los privilegios de los que goza como convicto.<\/p>\n\n\n\n<p>Son m\u00e1s 50 d\u00edas de seguir en tratamientos por enfermedades que van de la A a la Z que usted puede encontrar en cualquier diccionario m\u00e9dico y algunas de ellas sin relaci\u00f3n alguna ni consecuencia de las otras. La \u201cautoridad\u201d nuevamente detr\u00e1s de esta inusual condici\u00f3n de privilegios para un interno del centro penitenciario ubicado en San Francisco Tanivet, Tlacolula, muy cerca de la ciudad de Oaxaca.<\/p>\n\n\n\n<p>As\u00ed que del hospital privado Reforma, en el coraz\u00f3n de la ciudad de Oaxaca, se busc\u00f3 otro lugar para Juan Antonio Vera y despu\u00e9s de un breve recorrido, supuestamente, fue internado en el hospital Santa Anita, a las orillas de la capital oaxaque\u00f1a y en colindancia con Xoxocotl\u00e1n.&nbsp; Ah\u00ed se present\u00f3, este mi\u00e9rcoles por la tarde noche, Mar\u00eda Elena y todo indica que su agresor es invisible o est\u00e1 pr\u00f3fugo. C\u00f3mo sea, la autoridad ni lo presenta ni desmiente a la saxofonista y el que calla otorga.<\/p>\n\n\n\n<p>De acuerdo con la acusaci\u00f3n de la v\u00edctima directa y las investigaciones de la fiscal\u00eda de Oaxaca, Juan Antonio Vera Carrizal es una de las personas que habr\u00eda participado, detenido tras una pretendida fuga y detenido en el mismo centro penitenciario junto con uno de los autores materiales, recordemos que un tercer falleci\u00f3 estando en reclusi\u00f3n, curiosamente sin recibir atenci\u00f3n m\u00e9dica, ese es un privilegio. El cuarto implicado est\u00e1 pr\u00f3fugo de la justicia y existe una ficha de recompensa, se llama igual que su padre, Juan Antonio Vera Hern\u00e1ndez.<\/p>\n\n\n\n<p>En un video subido a sus redes sociales la tarde noche del mi\u00e9rcoles 22, Mar\u00eda Elena muestra que ni afuera ni adentro del hospital Santa Anita hay seguridad resguardando al detenido y revela que Juan Antonio Vera Carrizal \u201cno est\u00e1 enfermo, est\u00e1 pr\u00f3fugo\u201d. Como sucedi\u00f3 en el caso anterior de diciembre, la presencia de la v\u00edctima de agresi\u00f3n con \u00e1cido hizo que nuevamente llegaran familiares del inculpado y elementos de la polic\u00eda del estado, igualito que hace un mes.<\/p>\n\n\n\n<p>Aquella noche del 19 de diciembre tuvo un final no deseado para nadie y la responsabilidad de los actos tienen que repartirse entre quienes no han podido llegar a la justicia, reparar el da\u00f1o y siguen prestando atenci\u00f3n emocional y psicol\u00f3gica deficiente, que generan enojo, frustraci\u00f3n y da\u00f1os irreparables.&nbsp;<\/p>\n\n\n\n<p>Este jueves en la conferencia de seguridad p\u00fablica, las \u201cautoridades\u201d, es decir, el fiscal de Oaxaca, Bernardo Rodr\u00edguez Alamilla; el secretario de Gobierno, Jes\u00fas Romero L\u00f3pez, y el secretario de Seguridad P\u00fablica, Iv\u00e1n Garc\u00eda \u00c1lvarez, todos hicieron mutis sobre la duda que flotaba en el aire \u00bfen d\u00f3nde est\u00e1 Juan Antonio Vera Carrizal? El responsable directo fue Garc\u00eda \u00c1lvarez, quien ni siquiera toc\u00f3 el tema. Aunque es para una mala comunicaci\u00f3n con el pueblo, los funcionarios del la 4T \u201cprimavera oaxaque\u00f1a\u201d est\u00e1n bien adiestrados.<\/p>\n\n\n\n<p>Entonces seguimos con la duda a una respuesta obligada dada la trascendencia medi\u00e1tica que tienen las denuncias de Mar\u00eda Elena R\u00edos Ortiz. O quien los adiestra deber\u00eda decirles tambi\u00e9n c\u00f3mo funcionan las redes sociales y su impacto. \u00bfAcaso a Chucho Romero no le importa su prestigio?<\/p>\n\n\n\n<p>El fiscal por el contrario desv\u00edo la atenci\u00f3n cuando sostuvo que no habr\u00e1 impunidad en la denuncia contra Mar\u00eda Elena R\u00edos Ortiz, lo dijo no una, sino dos veces. Lo peor es que el fiscal ya no se pone rojito de pena como cuando sus primeras veces. Se mimetiz\u00f3 con el sistema.<\/p>\n\n\n\n<p>Por eso digo que el PRIMOR sigue vigente en Oaxaca. Los priistas se despachan con la cuchara grande dentro del plato de Salom\u00f3n Jara, lo que demuestra que sus arrebatos contra el viejo sistema, que sigue vigente, es de dientes para afuera o por costumbre, en especial contra su antecesor el exgobernador Alejandro Murat, senador de Morena, que dicho sea de paso se le vio muy contento en uno de los bailes del se\u00f1or Trump, donde se reuni\u00f3 la m\u00e1s rancia de todas las derechas del mundo. Supongo que de esos gusanos que hacen hoyos est\u00e1 lleno el reino de Morena, que dice que es de izquierda, pero se acuesta con la derecha.<\/p>\n\n\n\n<p>Por lo pronto la broma es que Vera Carrizal est\u00e1 en una isla, en alg\u00fan pa\u00eds europeo, disfrutando de su libertad, mientras a una triada le crece la nariz\u2026 \u00bfse acuerdan de Pinocho?<\/p>\n\n\n\n<p>*Periodista y activista feminista.<\/p>\n","protected":false},"excerpt":{"rendered":"<p>Soledad Jarqu\u00edn \u00c9dgar*\/SemM\u00e9xico Mar\u00eda Elena R\u00edos Ortiz ha exigido, nuevamente, que le aclaren \u00bfen d\u00f3nde&hellip;<\/p>\n","protected":false},"author":2,"featured_media":68029,"comment_status":"closed","ping_status":"open","sticky":false,"template":"","format":"standard","meta":{"_lmt_disableupdate":"","_lmt_disable":"","_jetpack_memberships_contains_paid_content":false,"footnotes":""},"categories":[456,109,46],"tags":[],"class_list":["post-76899","post","type-post","status-publish","format-standard","has-post-thumbnail","hentry","category-columna","category-minuto-a-minuto","category-zona-blanca"],"jetpack_featured_media_url":"https:\/\/zonaroja.com.mx\/wp-content\/uploads\/2024\/05\/Soledad-Jarquin-Edgar.jpg","jetpack_sharing_enabled":true,"_links":{"self":[{"href":"https:\/\/zonaroja.com.mx\/index.php?rest_route=\/wp\/v2\/posts\/76899","targetHints":{"allow":["GET"]}}],"collection":[{"href":"https:\/\/zonaroja.com.mx\/index.php?rest_route=\/wp\/v2\/posts"}],"about":[{"href":"https:\/\/zonaroja.com.mx\/index.php?rest_route=\/wp\/v2\/types\/post"}],"author":[{"embeddable":true,"href":"https:\/\/zonaroja.com.mx\/index.php?rest_route=\/wp\/v2\/users\/2"}],"replies":[{"embeddable":true,"href":"https:\/\/zonaroja.com.mx\/index.php?rest_route=%2Fwp%2Fv2%2Fcomments&post=76899"}],"version-history":[{"count":1,"href":"https:\/\/zonaroja.com.mx\/index.php?rest_route=\/wp\/v2\/posts\/76899\/revisions"}],"predecessor-version":[{"id":76900,"href":"https:\/\/zonaroja.com.mx\/index.php?rest_route=\/wp\/v2\/posts\/76899\/revisions\/76900"}],"wp:featuredmedia":[{"embeddable":true,"href":"https:\/\/zonaroja.com.mx\/index.php?rest_route=\/wp\/v2\/media\/68029"}],"wp:attachment":[{"href":"https:\/\/zonaroja.com.mx\/index.php?rest_route=%2Fwp%2Fv2%2Fmedia&parent=76899"}],"wp:term":[{"taxonomy":"category","embeddable":true,"href":"https:\/\/zonaroja.com.mx\/index.php?rest_route=%2Fwp%2Fv2%2Fcategories&post=76899"},{"taxonomy":"post_tag","embeddable":true,"href":"https:\/\/zonaroja.com.mx\/index.php?rest_route=%2Fwp%2Fv2%2Ftags&post=76899"}],"curies":[{"name":"wp","href":"https:\/\/api.w.org\/{rel}","templated":true}]}}