{"id":76904,"date":"2025-01-26T15:00:00","date_gmt":"2025-01-26T21:00:00","guid":{"rendered":"https:\/\/zonaroja.com.mx\/?p=76904"},"modified":"2025-01-26T07:36:41","modified_gmt":"2025-01-26T13:36:41","slug":"xoxocotlan-primer-municipio-en-crear-unidad-de-prevencion-del-delito","status":"publish","type":"post","link":"https:\/\/zonaroja.com.mx\/?p=76904","title":{"rendered":"Xoxocotl\u00e1n, primer municipio en crear Unidad de Prevenci\u00f3n del Delito"},"content":{"rendered":"\n<p>Redacci\u00f3n\/Zona Roja.<\/p>\n\n\n\n<p>Oaxaca de Ju\u00e1rez, Oax., 26 de enero de 2025.- Santa Cruz Xoxocotl\u00e1n se convirti\u00f3 en el primer municipio entre los 29 donde se implementa la estrategia de Oaxaca Segura, en crear su Unidad de Prevenci\u00f3n del Delito.<\/p>\n\n\n\n<p>As\u00ed lo reconoci\u00f3 Lii Yio P\u00e9rez Z\u00e1rate, directora General de Prevenci\u00f3n del Delito y Participaci\u00f3n Ciudadana del Gobierno de Oaxaca.<\/p>\n\n\n\n<p>\u201cSanta Cruz Xoxocotl\u00e1n es el primer municipio que est\u00e1 creando su Unidad Municipal de Prevenci\u00f3n del Delito y que lo est\u00e1 fortaleciendo con un equipo s\u00f3lido, que inclusive ya comenz\u00f3 a capacitarse desde las oficinas de la Direcci\u00f3n de Prevenci\u00f3n y que vamos a continuar apoyando\u201d, dijo.<\/p>\n\n\n\n<p>Durante la Primera Feria Naranja, organizada por el municipio, la directora de Prevenci\u00f3n del Delito entreg\u00f3 a la mun\u00edcipe Nancy Ben\u00edtez Z\u00e1rate un reconocimiento por la implementaci\u00f3n del programa Prevenci\u00f3n para la Construcci\u00f3n de la Paz.<\/p>\n\n\n\n<p>\u201cEstas acciones conjuntas entre el gobierno estatal, gobierno municipal y entre cada una de las colonias se debe de palpar, de sentir y de seguir construyendo\u201d, destac\u00f3 la funcionaria estatal.<\/p>\n\n\n\n<p>Cerca del 90 por ciento de los delitos se pueden prevenir, de ah\u00ed la importancia del trabajo que realiza el gobierno municipal de Xoxocotl\u00e1n encabezado por la presidenta Nancy Ben\u00edtez, se\u00f1al\u00f3 P\u00e9rez Z\u00e1rate.&nbsp;<\/p>\n\n\n\n<p>Y tambi\u00e9n destac\u00f3 la importancia de la participaci\u00f3n vecinal, con quienes ya se est\u00e1 trabajando en equipo.<\/p>\n\n\n\n<p>PROTECCI\u00d3N A NI\u00d1EZ<\/p>\n\n\n\n<p>Por otra parte, en sesi\u00f3n de Cabildo, fue instalado este s\u00e1bado el Sistema Municipal de Protecci\u00f3n de Ni\u00f1as, Ni\u00f1os y Adolescentes de Santa Cruz Xoxocotl\u00e1n, el cual preside la mun\u00edcipe Nancy Ben\u00edtez Z\u00e1rate.<\/p>\n\n\n\n<p>La secretaria Ejecutiva del Sistema Local de Protecci\u00f3n Integral de los Derechos de Ni\u00f1as, Ni\u00f1os y Adolescentes del Estado de Oaxaca (Sipinna), Alma Deysi Bautista Ramos, tom\u00f3 protesta de ley a las y los integrantes del Sistema Municipal.<\/p>\n\n\n\n<p>La presidenta municipal Nancy Ben\u00edtez Z\u00e1rate destac\u00f3 el compromiso del gobierno de Santa Cruz Xoxocotl\u00e1n para trabajar en conjunto con las regidur\u00edas y coordinadamente con el gobierno estatal, por el cumplimiento y respeto de los derechos de la ni\u00f1ez y adolescencia.<\/p>\n\n\n\n<p>\u00abTodas las regidur\u00edas est\u00e1n relacionadas con el tema, desde la de Educaci\u00f3n, Desarollo Econ\u00f3mico, Agencias y Colonias, de G\u00e9nero, Salud, Ecolog\u00eda, Derechos Humanos, Cultura, todas tienen que ver con la protecci\u00f3n de las ni\u00f1as, ni\u00f1os y adolescentes\u00bb, se\u00f1al\u00f3.<\/p>\n\n\n\n<p>Refiri\u00f3 tambi\u00e9n la urgencia de implementar acciones para prevenir la violencia familiar a trav\u00e9s de programas que garanticen el respeto a los derechos de los menores de edad.<\/p>\n\n\n\n<p>Por su parte, la secretaria Ejecutiva del Sipinna, Alma Deysi Bautista Ramos, detall\u00f3 que entre los ejes de gobierno de la administraci\u00f3n estatal est\u00e1 la protecci\u00f3n de ni\u00f1as, ni\u00f1os y adolescentes. Por ello, trabajan en coordinaci\u00f3n con los gobiernos locales.<\/p>\n\n\n\n<p>El Sistema Municipal de Protecci\u00f3n de Ni\u00f1as, Ni\u00f1os y Adolescentes de Santa Cruz Xoxocotl\u00e1n qued\u00f3 integrado por la edil Nancy Ben\u00edtez Z\u00e1rate como presidenta de \u00e9ste.<\/p>\n\n\n\n<p>Lo integran tambi\u00e9n la secretaria Ejecutiva, Ana Lilia Aguilar Pacheco; los concejales Omar Bernal Santiago, P\u00e1nfilo Mart\u00ednez Agudo, Itzel Aquino Garc\u00eda, Evencio Cort\u00e9s Rodr\u00edguez, Gabriela Mat\u00edas Narv\u00e1ez, An\u00edbal Marcos Silva Arellanes, Marobyn Contreras Garc\u00eda, Johnny Ram\u00edrez Cruz, Hilda P\u00e9rez Pacheco, Karla Morales Celis, Javier Mat\u00edas Aquino, Freddy Gil Pineda, y Norma Reyna L\u00f3pez Mart\u00ednez.<\/p>\n\n\n\n<p>Asimismo por la presidenta honoraria del DIF Municipal, Patricia Yarazet Cruz Ben\u00edtez; y el secretario municipal C\u00e9sar Augusto Pacheco.<\/p>\n","protected":false},"excerpt":{"rendered":"<p>Redacci\u00f3n\/Zona Roja. Oaxaca de Ju\u00e1rez, Oax., 26 de enero de 2025.- Santa Cruz Xoxocotl\u00e1n se&hellip;<\/p>\n","protected":false},"author":2,"featured_media":76905,"comment_status":"closed","ping_status":"open","sticky":false,"template":"","format":"standard","meta":{"_lmt_disableupdate":"","_lmt_disable":"","_jetpack_memberships_contains_paid_content":false,"footnotes":""},"categories":[109,46],"tags":[3376],"class_list":["post-76904","post","type-post","status-publish","format-standard","has-post-thumbnail","hentry","category-minuto-a-minuto","category-zona-blanca","tag-nancy-benitez"],"jetpack_featured_media_url":"https:\/\/zonaroja.com.mx\/wp-content\/uploads\/2025\/01\/Nancy-Benitez-Xoxoctlan-unidad-violencia.jpg","jetpack_sharing_enabled":true,"_links":{"self":[{"href":"https:\/\/zonaroja.com.mx\/index.php?rest_route=\/wp\/v2\/posts\/76904","targetHints":{"allow":["GET"]}}],"collection":[{"href":"https:\/\/zonaroja.com.mx\/index.php?rest_route=\/wp\/v2\/posts"}],"about":[{"href":"https:\/\/zonaroja.com.mx\/index.php?rest_route=\/wp\/v2\/types\/post"}],"author":[{"embeddable":true,"href":"https:\/\/zonaroja.com.mx\/index.php?rest_route=\/wp\/v2\/users\/2"}],"replies":[{"embeddable":true,"href":"https:\/\/zonaroja.com.mx\/index.php?rest_route=%2Fwp%2Fv2%2Fcomments&post=76904"}],"version-history":[{"count":1,"href":"https:\/\/zonaroja.com.mx\/index.php?rest_route=\/wp\/v2\/posts\/76904\/revisions"}],"predecessor-version":[{"id":76906,"href":"https:\/\/zonaroja.com.mx\/index.php?rest_route=\/wp\/v2\/posts\/76904\/revisions\/76906"}],"wp:featuredmedia":[{"embeddable":true,"href":"https:\/\/zonaroja.com.mx\/index.php?rest_route=\/wp\/v2\/media\/76905"}],"wp:attachment":[{"href":"https:\/\/zonaroja.com.mx\/index.php?rest_route=%2Fwp%2Fv2%2Fmedia&parent=76904"}],"wp:term":[{"taxonomy":"category","embeddable":true,"href":"https:\/\/zonaroja.com.mx\/index.php?rest_route=%2Fwp%2Fv2%2Fcategories&post=76904"},{"taxonomy":"post_tag","embeddable":true,"href":"https:\/\/zonaroja.com.mx\/index.php?rest_route=%2Fwp%2Fv2%2Ftags&post=76904"}],"curies":[{"name":"wp","href":"https:\/\/api.w.org\/{rel}","templated":true}]}}