{"id":76907,"date":"2025-01-26T19:45:14","date_gmt":"2025-01-27T01:45:14","guid":{"rendered":"https:\/\/zonaroja.com.mx\/?p=76907"},"modified":"2025-01-26T19:45:16","modified_gmt":"2025-01-27T01:45:16","slug":"crisis-migratoria-desata-conflicto-diplomatico-eu-colombia","status":"publish","type":"post","link":"https:\/\/zonaroja.com.mx\/?p=76907","title":{"rendered":"Crisis migratoria desata conflicto diplom\u00e1tico EU-Colombia"},"content":{"rendered":"\n<p>Redacci\u00f3n\/Zona Roja Cdmx.<\/p>\n\n\n\n<p>Ciudad de M\u00e9xico, a 26 de enero de 2025.- El presidente Donald Trump impuso el domingo aranceles y prohibiciones de viaje a Colombia, despu\u00e9s de que el pa\u00eds sudamericano se negara a permitir que dos aviones con inmigrantes indocumentados aterrizaran en su suelo.<\/p>\n\n\n\n<p>En una publicaci\u00f3n en las redes sociales, Trump dijo que orden\u00f3 un arancel de emergencia del 25 por ciento sobre todos los productos colombianos que ingresen a Estados Unidos, que se elevar\u00e1 al 50 por ciento en una semana.<\/p>\n\n\n\n<p>Tambi\u00e9n ha pedido la prohibici\u00f3n de viajes y la revocaci\u00f3n inmediata de visas para funcionarios del gobierno colombiano \u201cy todos los aliados y partidarios\u201d, as\u00ed como sanciones de visas para miembros del partido, familiares y partidarios del gobierno del presidente Gustavo Petro.<\/p>\n\n\n\n<p>\u201cLa negaci\u00f3n de estos vuelos por parte de Petro ha puesto en peligro la seguridad nacional y la seguridad p\u00fablica de Estados Unidos\u201d, dijo Trump.<\/p>\n\n\n\n<p>El principal motivo por el que Gustavo Petro no permiti\u00f3 la entrada de las aeronaves con las personas migrantes a Colombia es la falta de trato digno de parte de las autoridades estadounidenses, y exigi\u00f3 un protocolo en el que se mejoren las condiciones, de lo contrario, no permitir\u00e1n que ingresen aviones con personas deportadas al pa\u00eds.<\/p>\n\n\n\n<p>Petro propone usar avi\u00f3n presidencial para repatriar a colombianos<\/p>\n\n\n\n<p>El presidente de Colombia, Gustavo Petro, dispuso del avi\u00f3n presidencial para el \u201cretorno digno\u201d de migrantes, luego de que este domingo no permitiera el ingreso de dos aeronaves con ciudadanos deportados de Estados Unidos, y convoc\u00f3 a una reuni\u00f3n de la Comunidad de Estados Latinoamericanos y Caribe\u00f1os (Celac) para atender la crisis migratoria.<\/p>\n\n\n\n<p>La Presidencia detall\u00f3 en un comunicado que Petro \u201cha dispuesto el avi\u00f3n presidencial para facilitar el retorno digno de los connacionales que iban a llegar hoy al pa\u00eds en horas de la ma\u00f1ana, provenientes de vuelos de deportaci\u00f3n\u201d.<\/p>\n\n\n\n<p>\u201cEsta medida responde al compromiso del Gobierno de garantizar condiciones dignas. De ninguna manera los colombianos, como patriotas y sujetos de derechos, han sido ni ser\u00e1n desterrados del territorio colombiano\u201d, agreg\u00f3 la informaci\u00f3n.<\/p>\n\n\n\n<p>El anuncio se produce en medio de la pol\u00e9mica que hay en varios pa\u00edses de Am\u00e9rica Latina por las deportaciones como parte de la pol\u00edtica migratoria del presidente estadounidense, Donald Trump.<\/p>\n\n\n\n<p>El Gobierno de Brasil denunci\u00f3 el s\u00e1bado el uso de esposas por parte de las autoridades estadounidenses contra ciudadanos de ese pa\u00eds durante un vuelo de deportaci\u00f3n.<\/p>\n\n\n\n<p>Cabe se\u00f1alar que el viernes, la Casa Blanca indic\u00f3 que hab\u00edan \u201ccomenzado\u201d las deportaciones de migrantes, en referencia a la principal promesa de campa\u00f1a de Trump de llevar a cabo la mayor operaci\u00f3n de expulsi\u00f3n masiva de extranjeros en la historia de los Estados Unidos.<\/p>\n\n\n\n<p>El mismo d\u00eda, los primeros dos vuelos de deportaci\u00f3n con destino a Guatemala llegaron a ese pa\u00eds procedentes de Laredo (Texas).<\/p>\n\n\n\n<p>(Informaci\u00f3n de Blomberg en \u201cEl Financiero\u201d)<\/p>\n","protected":false},"excerpt":{"rendered":"<p>Redacci\u00f3n\/Zona Roja Cdmx. Ciudad de M\u00e9xico, a 26 de enero de 2025.- El presidente Donald&hellip;<\/p>\n","protected":false},"author":2,"featured_media":76908,"comment_status":"closed","ping_status":"open","sticky":false,"template":"","format":"standard","meta":{"_lmt_disableupdate":"","_lmt_disable":"","_jetpack_memberships_contains_paid_content":false,"footnotes":""},"categories":[109,47],"tags":[],"class_list":["post-76907","post","type-post","status-publish","format-standard","has-post-thumbnail","hentry","category-minuto-a-minuto","category-zona-gris"],"jetpack_featured_media_url":"https:\/\/zonaroja.com.mx\/wp-content\/uploads\/2025\/01\/Conflicto-Colombia-EU-Trump-Petro.jpg.avif","jetpack_sharing_enabled":true,"_links":{"self":[{"href":"https:\/\/zonaroja.com.mx\/index.php?rest_route=\/wp\/v2\/posts\/76907","targetHints":{"allow":["GET"]}}],"collection":[{"href":"https:\/\/zonaroja.com.mx\/index.php?rest_route=\/wp\/v2\/posts"}],"about":[{"href":"https:\/\/zonaroja.com.mx\/index.php?rest_route=\/wp\/v2\/types\/post"}],"author":[{"embeddable":true,"href":"https:\/\/zonaroja.com.mx\/index.php?rest_route=\/wp\/v2\/users\/2"}],"replies":[{"embeddable":true,"href":"https:\/\/zonaroja.com.mx\/index.php?rest_route=%2Fwp%2Fv2%2Fcomments&post=76907"}],"version-history":[{"count":1,"href":"https:\/\/zonaroja.com.mx\/index.php?rest_route=\/wp\/v2\/posts\/76907\/revisions"}],"predecessor-version":[{"id":76909,"href":"https:\/\/zonaroja.com.mx\/index.php?rest_route=\/wp\/v2\/posts\/76907\/revisions\/76909"}],"wp:featuredmedia":[{"embeddable":true,"href":"https:\/\/zonaroja.com.mx\/index.php?rest_route=\/wp\/v2\/media\/76908"}],"wp:attachment":[{"href":"https:\/\/zonaroja.com.mx\/index.php?rest_route=%2Fwp%2Fv2%2Fmedia&parent=76907"}],"wp:term":[{"taxonomy":"category","embeddable":true,"href":"https:\/\/zonaroja.com.mx\/index.php?rest_route=%2Fwp%2Fv2%2Fcategories&post=76907"},{"taxonomy":"post_tag","embeddable":true,"href":"https:\/\/zonaroja.com.mx\/index.php?rest_route=%2Fwp%2Fv2%2Ftags&post=76907"}],"curies":[{"name":"wp","href":"https:\/\/api.w.org\/{rel}","templated":true}]}}