{"id":76910,"date":"2025-01-26T21:08:07","date_gmt":"2025-01-27T03:08:07","guid":{"rendered":"https:\/\/zonaroja.com.mx\/?p=76910"},"modified":"2025-01-26T21:08:10","modified_gmt":"2025-01-27T03:08:10","slug":"opinion-la-tregua-de-el-mayo","status":"publish","type":"post","link":"https:\/\/zonaroja.com.mx\/?p=76910","title":{"rendered":"Opini\u00f3n. La tregua de \u201cEl Mayo\u201d"},"content":{"rendered":"\n<p>Diego Enrique Osorno*<\/p>\n\n\n\n<p>\u00bfA qu\u00e9 se refer\u00eda Andr\u00e9s Manuel L\u00f3pez Obrador cuando, como candidato a la presidencia, propon\u00eda en 2018 una amnist\u00eda para contener la violencia del pa\u00eds? Ya en Palacio Nacional, aquel controversial discurso de campa\u00f1a se fue desvaneciendo de la escena p\u00fablica en medio de cr\u00edticas opositoras y euforia electoral por el flamante triunfo.<\/p>\n\n\n\n<p>\u201cAbrazos, no balazos\u201d, fue la frase que sintetiz\u00f3 despu\u00e9s la aparente voluntad presidencial por explorar nuevas formas de revisar la fallida estrategia de combate al narcotr\u00e1fico, dictada de forma hist\u00f3rica y conveniente por intereses geopol\u00edticos de Washington, en detrimento de una usufructuada soberan\u00eda nacional y en favor de un sistema econ\u00f3mico cada vez menos pudoroso en mostrar su rostro criminal.<\/p>\n\n\n\n<p>\u00bfQu\u00e9 otras formas, no convencionales, explor\u00f3 el gobierno de L\u00f3pez Obrador para buscar la pacificaci\u00f3n del pa\u00eds, a partir de la posibilidad de ofrecer reducciones de penas o amnist\u00eda a grupos criminales, a cambio de que estos disminuyeran la violencia en sus territorios, limitaran ciertos negocios, se entregaran y resarcieran da\u00f1os al Estado y a las v\u00edctimas?<\/p>\n\n\n\n<p>Durante la pasada administraci\u00f3n hubo interlocuci\u00f3n, por lo menos informal, de funcionarios y operadores, con diversos jefes del crimen organizado, a fin de lograr un cese paulatino de eventos violentos que deb\u00eda concluir hacia el final del sexenio con reformas legislativas para implementar un modelo que buscar\u00eda replicar en M\u00e9xico alternativas judiciales que gozan los narcotraficantes procesados en Estados Unidos, quienes a cambio de testimonios especiales y millonarias reparaciones econ\u00f3micas, reciben penas reducidas que les permiten obtener libertad.<\/p>\n\n\n\n<p>Cuando me reun\u00ed en 2021 con Ismael \u201cEl Mayo\u201d Zambada, el hist\u00f3rico capo de Sinaloa parec\u00eda entusiasmado con esta posibilidad, pero tambi\u00e9n era cauteloso. \u201cLa paz no se dice, la paz se hace\u201d, me dijo en alg\u00fan momento de nuestro encuentro, rese\u00f1ado en mi libro \u201cEn la monta\u00f1a\u201d, donde, m\u00e1s all\u00e1 de la mera an\u00e9cdota criminol\u00f3gica o apolog\u00e9tica, intento contraponer la cr\u00f3nica de una democracia b\u00e1rbara como la mexicana, condicionada por su integraci\u00f3n a Norteam\u00e9rica, con la resistencia de los pueblos originarios surgida en 1994 en las monta\u00f1as del sureste mexicano.<\/p>\n\n\n\n<p>Los grupos armados de El Mayo ten\u00edan la orden de no atacar a ninguna fuerza gubernamental. Al parecer esta misma indicaci\u00f3n fue replicada por otros jefes criminales a sus respectivos comandos en Sinaloa y m\u00e1s lugares del pa\u00eds, sin embargo, M\u00e9xico no logr\u00f3 paz alguna, por el contrario, la violencia persisti\u00f3, persiste y, todo indica, persistir\u00e1: Si hubo realmente posibilidades de intentar la pacificaci\u00f3n nacional con la colaboraci\u00f3n de los principales capos, est\u00e1 claro que dicha posibilidad fracas\u00f3. Resultar\u00e1 interesante descubrir en su momento por qu\u00e9.<\/p>\n\n\n\n<p>\u00bfNegociada o de facto?, \u00bfLa tregua de El Mayo fue parte de una iniciativa impulsada con afanes hegem\u00f3nicos en las bambalinas del poder, o bien, se trat\u00f3 de un gesto unilateral y transaccional dado por ciertos grupos del narco a un presidente que de manera p\u00fablica pregonaba \u201cAbrazos, no balazos\u201d para combatir al crimen?, \u00bfqu\u00e9 intereses, leg\u00edtimos y no leg\u00edtimos, bordearon un complejo proceso saboteado finalmente por la operaci\u00f3n hecha por agencias estadounidenses para detener y extraer a El Mayo del pa\u00eds?<\/p>\n\n\n\n<p>A trav\u00e9s de juicios y acuerdos que se alistan en EU alrededor de las familias Zambada y Guzm\u00e1n, as\u00ed como de otros personajes pol\u00edticos, es probable que en los pr\u00f3ximos meses vayan desgran\u00e1ndose algunas respuestas y precisiones a preguntas que rondan alrededor de una realidad que puede volverse m\u00e1s calamitosa para el pa\u00eds con el renovado supremacismo americano que trasluce la Edad de Oro cacareada por el presidente Donald Trump.<\/p>\n\n\n\n<p>*Escritor y periodista.<\/p>\n\n\n\n<p>@DiegoEOsorno<\/p>\n","protected":false},"excerpt":{"rendered":"<p>Diego Enrique Osorno* \u00bfA qu\u00e9 se refer\u00eda Andr\u00e9s Manuel L\u00f3pez Obrador cuando, como candidato a&hellip;<\/p>\n","protected":false},"author":2,"featured_media":67760,"comment_status":"closed","ping_status":"open","sticky":false,"template":"","format":"standard","meta":{"_lmt_disableupdate":"","_lmt_disable":"","_jetpack_memberships_contains_paid_content":false,"footnotes":""},"categories":[456,109],"tags":[3020],"class_list":["post-76910","post","type-post","status-publish","format-standard","has-post-thumbnail","hentry","category-columna","category-minuto-a-minuto","tag-diego-enrique-osorno"],"jetpack_featured_media_url":"https:\/\/zonaroja.com.mx\/wp-content\/uploads\/2024\/04\/Diego-Enrique-Osorno.jpeg","jetpack_sharing_enabled":true,"_links":{"self":[{"href":"https:\/\/zonaroja.com.mx\/index.php?rest_route=\/wp\/v2\/posts\/76910","targetHints":{"allow":["GET"]}}],"collection":[{"href":"https:\/\/zonaroja.com.mx\/index.php?rest_route=\/wp\/v2\/posts"}],"about":[{"href":"https:\/\/zonaroja.com.mx\/index.php?rest_route=\/wp\/v2\/types\/post"}],"author":[{"embeddable":true,"href":"https:\/\/zonaroja.com.mx\/index.php?rest_route=\/wp\/v2\/users\/2"}],"replies":[{"embeddable":true,"href":"https:\/\/zonaroja.com.mx\/index.php?rest_route=%2Fwp%2Fv2%2Fcomments&post=76910"}],"version-history":[{"count":1,"href":"https:\/\/zonaroja.com.mx\/index.php?rest_route=\/wp\/v2\/posts\/76910\/revisions"}],"predecessor-version":[{"id":76911,"href":"https:\/\/zonaroja.com.mx\/index.php?rest_route=\/wp\/v2\/posts\/76910\/revisions\/76911"}],"wp:featuredmedia":[{"embeddable":true,"href":"https:\/\/zonaroja.com.mx\/index.php?rest_route=\/wp\/v2\/media\/67760"}],"wp:attachment":[{"href":"https:\/\/zonaroja.com.mx\/index.php?rest_route=%2Fwp%2Fv2%2Fmedia&parent=76910"}],"wp:term":[{"taxonomy":"category","embeddable":true,"href":"https:\/\/zonaroja.com.mx\/index.php?rest_route=%2Fwp%2Fv2%2Fcategories&post=76910"},{"taxonomy":"post_tag","embeddable":true,"href":"https:\/\/zonaroja.com.mx\/index.php?rest_route=%2Fwp%2Fv2%2Ftags&post=76910"}],"curies":[{"name":"wp","href":"https:\/\/api.w.org\/{rel}","templated":true}]}}