{"id":76915,"date":"2025-01-27T08:05:52","date_gmt":"2025-01-27T14:05:52","guid":{"rendered":"https:\/\/zonaroja.com.mx\/?p=76915"},"modified":"2025-01-27T11:32:05","modified_gmt":"2025-01-27T17:32:05","slug":"opinion-analfabetas-mina-de-panistas-priistas-morenistas","status":"publish","type":"post","link":"https:\/\/zonaroja.com.mx\/?p=76915","title":{"rendered":"Opini\u00f3n. Analfabetas, mina de panistas, priistas, morenistas\u2026"},"content":{"rendered":"\n<p>Ismael Garc\u00eda M.\/Zona Roja.<\/p>\n\n\n\n<p>Oaxaca, Oax., a 27 de enero de 2024.- \u00bfQu\u00e9 podr\u00eda ser diferente en la llamada Cuarta Transformaci\u00f3n si finalmente la mayor\u00eda de sus infieles seguidores son ex perredistas, ex panistas, ex priistas y ex dem\u00e1s?<\/p>\n\n\n\n<p>La mayor\u00eda arrastra, por supuesto, los vicios de la corrupci\u00f3n y mutaron a Morena s\u00f3lo en la piel, s\u00f3lo para no vivir en el error fuera del erario, pues en sus entra\u00f1as siguen con las mismas lamentables pr\u00e1cticas del pasado.<\/p>\n\n\n\n<p>\u00bfCu\u00e1l \u201c\u00bfno mentir, no robar y no traicionar al pueblo\u201d? Y hay muchos casos en el actual sexenio en Oaxaca, pr\u00e1ctica que el gobierno ha tenido que aceptar que ocurre y ha tomado medidas dr\u00e1sticas, pero s\u00f3lo en unos casos.<\/p>\n\n\n\n<p>Ah\u00ed est\u00e1 el reciente cese de la directora general del Cobao, Ver\u00f3nica Hern\u00e1ndez Gonz\u00e1lez, con m\u00faltiples se\u00f1alamientos de corrupci\u00f3n y despilfarro, cuya familia manej\u00f3 el erario a su antojo.<\/p>\n\n\n\n<p>Pero siguen impunes y, para colmo, manchando a la 4T y hasta promoviendo se\u00f1alamientos en contra del gobernador Salom\u00f3n Jara, como sucedi\u00f3 recientemente en Putla, seg\u00fan denuncias en redes sociales. <\/p>\n\n\n\n<p>\u00bfQu\u00e9 decir del IEEPO? Con presupuesto multimillonario, su a\u00fan titular Emilio Montero P\u00e9rez a\u00fan tiene el descaro de reconocer que eroga m\u00e1s de 80 millones de pesos en renta, varios inmuebles ubicados en la zona residencial exclusiva de San Felipe del Agua, y argumentar que as\u00ed suced\u00eda en el pasado.<\/p>\n\n\n\n<p>Pero lo que no tiene nombre es lucrar con el analfabetismo, al igual que suced\u00eda en gobiernos de anta\u00f1o.<\/p>\n\n\n\n<p>Saquear, literalmente, el Instituto Estatal de Educaci\u00f3n para Adultos (IEEA) es un crimen, pues en dos a\u00f1os no ha habido m\u00e1s que fracasos, cero resultados.<\/p>\n\n\n\n<p>CASO TR\u00c1GICO<\/p>\n\n\n\n<p>Un caso tr\u00e1gico es ese organismo estatal \u2014que no tiene ninguna coordinaci\u00f3n con su similar federal\u2014 donde fue nombrado Reynaldo Maga\u00f1a Garc\u00eda, desde el inicio de su sexenio \u2014por cierto, a su esposa Beatriz Acevedo le toc\u00f3 tambi\u00e9n cargo, primero en la Beneficencia P\u00fablica y luego en el Coretturo\u2014.<\/p>\n\n\n\n<p>Ex presidente municipal de San Juan Bautista Valle Nacional, su \u00fanico m\u00e9rito es desfalcar las arcas de dicho municipio y luego bajo supuesto proselitismo a favor de Morena, fue pagado su \u201cservicio\u201d a \u00e9l y su c\u00f3nyuge, con cargos.<\/p>\n\n\n\n<p>No obstante, en el IEEA no hay absolutamente resultados y s\u00ed excesiva corrupci\u00f3n, seg\u00fan los propios trabajadores, que a finales del a\u00f1o pasado y a principios de \u00e9ste, pararon labores y cerraron las oficinas en la exigencia de pagos.<\/p>\n\n\n\n<p>De acuerdo con el Presupuesto de Egresos, el a\u00f1o pasado el organismo ejerci\u00f3 198 millones 316 mil 163 pesos, dinero del que no se sabe el destino m\u00e1s que porque no hay resultados en el combate al analfabetismo en Oaxaca.<\/p>\n\n\n\n<p>Seg\u00fan las cifras m\u00e1s recientes del Inegi, en la entidad casi el 12 por ciento de la poblaci\u00f3n de 15 a\u00f1os y m\u00e1s no sabe leer y escribir, es decir, m\u00e1s de 351 mil personas siguen sin poder salir de esa condici\u00f3n de ignorancia.<\/p>\n\n\n\n<p>Oaxaca sigue, desde hace muchos a\u00f1os, en el deshonroso tercer lugar del pa\u00eds con mayor n\u00famero de analfabetas.<\/p>\n\n\n\n<p>Esos datos los comparti\u00f3 el gobierno oaxaque\u00f1o en junio del a\u00f1o 2023, cuando anunci\u00f3 la estrategia Alfabetizaci\u00f3n para el Bienestar:<\/p>\n\n\n\n<p>\u201cLa estrategia consiste en que los 100 municipios con mayor \u00edndice de analfabetismo y 100 municipios con menor rezago, sean atendidos por igual n\u00famero de dependencias de gobierno, a fin de que se pueda levantar al cierre de la presente administraci\u00f3n bandera blanca en ellos\u201d, se difundi\u00f3 en un bolet\u00edn.<\/p>\n\n\n\n<p>A mediados del a\u00f1o pasado, Reynaldo Maga\u00f1a declar\u00f3 que cerrar\u00eda el 2024 con alrededor de 30 mil personas adultas que aprendieron a leer y escribir.<\/p>\n\n\n\n<p>Sin embargo, los se\u00f1alamientos en su contra son otros: tras ser cesado del cargo a finales de diciembre pasado, los propios trabajadores revelaron que durante dos a\u00f1os, s\u00f3lo fueron utilizados para rellenar eventos de Morena.<\/p>\n\n\n\n<p>Los enviaba a distintos actos p\u00fablicos, incluso fuera de la capital del estado o de la entidad, en las peores condiciones, sin vi\u00e1ticos, en autobuses destartalados, en jornadas excesivas, para que rellenar eventos de Claudia Sheinbaum.<\/p>\n\n\n\n<p>Un caso que raya en el extremo fue el contratar autobuses viejos de la Villa de Zaachila para trasladar a cientos de trabajadores a la Ciudad de M\u00e9xico; la unidad hizo por lo menos 10 horas de viaje; al llegar al z\u00f3calo de la capital del pa\u00eds, el evento morenista ya hab\u00eda concluido pero Reynaldo Maga\u00f1a les pidi\u00f3 tomarse la foto para justificar la asistencia, y luego regresar de inmediato.<\/p>\n\n\n\n<p>El funcionario justific\u00f3 gastos excesivos y report\u00f3 al gobierno y al Partido Morena que cientos de militantes de Valle Nacional acudieron a respaldar a la autoridad federal.<\/p>\n\n\n\n<p>Antes de dejar el cargo, saque\u00f3, literalmente, las oficinas, ubicadas en la colonia Reforma; barri\u00f3 con computadoras y mobiliario, muchos de los cuales fueron llevados a la Correturo, cuya titular es Beatriz Acevedo, su esposa.<\/p>\n\n\n\n<p>De las cifras reales, nadie sabe cu\u00e1ntos casos de alfabetizados hubo, pero s\u00ed muy lejos de la meta anual planteada. De los recursos presupuestales, nadie sabe, pero s\u00ed el ex funcionario y ex edil dej\u00f3 muchas cuentas pendientes, entre ellas pagos a empleados.<\/p>\n\n\n\n<p>\u00bfSEGUIR\u00c1 EL ABANDONO?&nbsp;<\/p>\n\n\n\n<p>El Instituto Estatal de Educaci\u00f3n para Adultos siempre ha sido una mina para nuevos ricos, desde los sexenios priistas pasando por el de \u201cizquierda\u201d de Gabino Cu\u00e9 o el del neomorenista Alejandro Murat.<\/p>\n\n\n\n<p>Cada fin de sexenio, todos dicen alzar la bandera blanca, decretando el fin del analfabetismo, cuando las cifras siguen inamovibles.<\/p>\n\n\n\n<p>Ulises Ruiz, por ejemplo, hasta trajo un equipo de asesores cubanos que recorrieron las regiones y supuestamente ese fue el fin del analfabetismo.&nbsp;<\/p>\n\n\n\n<p>Nada. Cada a\u00f1o, cada sexenio, hay saqueos y nuevos ricos, bajo el pretexto de la educaci\u00f3n.<\/p>\n\n\n\n<p>Y desde el 1 de enero, por designaci\u00f3n del gobernador Salom\u00f3n Jara, lleg\u00f3 la ex diputada Juana Aguilar Espinosa\u2026 que est\u00e1 lidiando con todos los funcionarios que le hered\u00f3 Reynaldo Maga\u00f1a y que no hacen absolutamente nada.<\/p>\n\n\n\n<p>El IEEA es un caso de extrema urgencia, que por cierto, al gobierno federal no le interesa atender, pues el ex legislador Armando Contreras Castillo fue nombrado titular del Instituto Nacional de Educaci\u00f3n para Adultos, pero no tiene el m\u00ednimo inter\u00e9s de un acercamiento con la autoridad estatal, por diferencias pol\u00edticas.<\/p>\n\n\n\n<p>Evidentemente que, a 26 meses del actual gobierno, ya no es posible, ya no deber\u00eda ser posible, seguir culpando al pasado. Tiempo m\u00e1s que suficiente para que se demuestre ya, con trabajo y no con discursos, que hay resultados.<\/p>\n\n\n\n<p>Y tiempo m\u00e1s que suficiente que hacer una limpia total de quienes simulan promover una Cuarta Transformaci\u00f3n pero en los hechos se hinchan de dinero.<\/p>\n","protected":false},"excerpt":{"rendered":"<p>Ismael Garc\u00eda M.\/Zona Roja. Oaxaca, Oax., a 27 de enero de 2024.- \u00bfQu\u00e9 podr\u00eda ser&hellip;<\/p>\n","protected":false},"author":2,"featured_media":67529,"comment_status":"closed","ping_status":"open","sticky":false,"template":"","format":"standard","meta":{"_lmt_disableupdate":"","_lmt_disable":"","_jetpack_memberships_contains_paid_content":false,"footnotes":""},"categories":[456,109,48],"tags":[1353],"class_list":["post-76915","post","type-post","status-publish","format-standard","has-post-thumbnail","hentry","category-columna","category-minuto-a-minuto","category-zona-critica","tag-opinion-zona-critica"],"jetpack_featured_media_url":"https:\/\/zonaroja.com.mx\/wp-content\/uploads\/2024\/04\/Opinion-Zona-Critica-Ismael-Garcia.jpg","jetpack_sharing_enabled":true,"_links":{"self":[{"href":"https:\/\/zonaroja.com.mx\/index.php?rest_route=\/wp\/v2\/posts\/76915","targetHints":{"allow":["GET"]}}],"collection":[{"href":"https:\/\/zonaroja.com.mx\/index.php?rest_route=\/wp\/v2\/posts"}],"about":[{"href":"https:\/\/zonaroja.com.mx\/index.php?rest_route=\/wp\/v2\/types\/post"}],"author":[{"embeddable":true,"href":"https:\/\/zonaroja.com.mx\/index.php?rest_route=\/wp\/v2\/users\/2"}],"replies":[{"embeddable":true,"href":"https:\/\/zonaroja.com.mx\/index.php?rest_route=%2Fwp%2Fv2%2Fcomments&post=76915"}],"version-history":[{"count":2,"href":"https:\/\/zonaroja.com.mx\/index.php?rest_route=\/wp\/v2\/posts\/76915\/revisions"}],"predecessor-version":[{"id":76931,"href":"https:\/\/zonaroja.com.mx\/index.php?rest_route=\/wp\/v2\/posts\/76915\/revisions\/76931"}],"wp:featuredmedia":[{"embeddable":true,"href":"https:\/\/zonaroja.com.mx\/index.php?rest_route=\/wp\/v2\/media\/67529"}],"wp:attachment":[{"href":"https:\/\/zonaroja.com.mx\/index.php?rest_route=%2Fwp%2Fv2%2Fmedia&parent=76915"}],"wp:term":[{"taxonomy":"category","embeddable":true,"href":"https:\/\/zonaroja.com.mx\/index.php?rest_route=%2Fwp%2Fv2%2Fcategories&post=76915"},{"taxonomy":"post_tag","embeddable":true,"href":"https:\/\/zonaroja.com.mx\/index.php?rest_route=%2Fwp%2Fv2%2Ftags&post=76915"}],"curies":[{"name":"wp","href":"https:\/\/api.w.org\/{rel}","templated":true}]}}