{"id":76917,"date":"2025-01-27T08:17:56","date_gmt":"2025-01-27T14:17:56","guid":{"rendered":"https:\/\/zonaroja.com.mx\/?p=76917"},"modified":"2025-01-27T08:17:59","modified_gmt":"2025-01-27T14:17:59","slug":"supervisa-la-presidenta-remodelacion-del-aeropuerto-de-puerto-escondido","status":"publish","type":"post","link":"https:\/\/zonaroja.com.mx\/?p=76917","title":{"rendered":"Supervisa la Presidenta remodelaci\u00f3n del aeropuerto de Puerto Escondido"},"content":{"rendered":"\n<p>Redacci\u00f3n\/Zona Roja Cdmx.<\/p>\n\n\n\n<p>Oaxaca de Ju\u00e1rez, Oax., a 27 de enero de 2025.- Durante la gira que realiz\u00f3 el fin de semana en el estado de Oaxaca, la Presidenta Claudia Sheinbaum visit\u00f3 las obras de remodelaci\u00f3n y ampliaci\u00f3n del Aeropuerto de Puerto Escondido. Luego de verificar los avances, dio a conocer la fecha estimada en que el complejo podr\u00eda recibir su primer vuelo internacional.<\/p>\n\n\n\n<p>A trav\u00e9s de su cuenta verificada de la red social X, antes Twitter, la Presidenta Claudia Sheinbaum Pardo dio a conocer un par de im\u00e1genes con las que document\u00f3 su visita al Aeropuerto de Puerto Escondido. Seg\u00fan escribi\u00f3, las obras de remodelaci\u00f3n y el esfuerzo por recibir vuelos internacionales en el complejo forman parte del Plan M\u00e9xico.<\/p>\n\n\n\n<p>\u201cEstamos ampliando el aeropuerto de Puerto Escondido, Oaxaca; fuimos a supervisa la obra\u201d, se lee en la publicaci\u00f3n adjunta a las dos im\u00e1genes publicadas. En una de ellas, es posible observar la presencia de la maquinaria y los materiales en el lugar donde se construir\u00e1 la expansi\u00f3n del aeropuerto.<\/p>\n\n\n\n<p>Seg\u00fan dio a conocer, las obras de ampliaci\u00f3n y remodelaci\u00f3n en el aeropuerto se extender\u00e1n a lo largo de los pr\u00f3ximos dos meses. En ese sentido, adelant\u00f3 que el primer vuelo internacional llegar\u00e1 el pr\u00f3ximo mes de abril de 2025.<\/p>\n\n\n\n<p>Cabe recordar que el gobernador Salom\u00f3n Jara, anunci\u00f3 en noviembre de 2024 que el Aeropuerto de Puerto Escondido ser\u00eda sujeto a un proceso de remodelaci\u00f3n con la intenci\u00f3n de posicionarlo como uno de los mejores complejos en todo el pa\u00eds. De igual manera, el entonces secretario de Turismo, Miguel Torruco M\u00e1rquez, anunci\u00f3 una inversi\u00f3n de MXN 2 mil 500 millones para la obra en julio de 2023.<\/p>\n\n\n\n<p>El objetivo de las remodelaciones consisti\u00f3 en atender la creciente demanda de turistas que el estado de Oaxaca, en especial el Aeropuerto de Puerto Escondido, ha experimentado a lo largo de los \u00faltimos a\u00f1os. De acuerdo con la Secretar\u00eda de Infraestructura, Comunicaciones y Transportes (SICT), en 2022 hubo un incremento del 40.8% en el n\u00famero de pasajeros que recibi\u00f3.<\/p>\n\n\n\n<p>SIN MA\u00cdZ\u2026<\/p>\n\n\n\n<p>En otro momento de su gira por Oaxaca, la presidenta Claudia Sheinbaum Pardo tambi\u00e9n celebr\u00f3 la pr\u00f3xima discusi\u00f3n en el Congreso de la Uni\u00f3n de la iniciativa que busca la prohibici\u00f3n del ma\u00edz transg\u00e9nico en el pa\u00eds.<\/p>\n\n\n\n<p>\u201cEl d\u00eda de hoy, aqu\u00ed en Puerto Escondido, quiero informarles que ya fue enviado al Congreso de la Uni\u00f3n la reforma constitucional para la protecci\u00f3n de nuestro ma\u00edz. Es una reforma para el art\u00edculo 4 y el art\u00edculo 27 constitucional, que establecen al ma\u00edz como identidad nacional, y, al mismo tiempo la prohibici\u00f3n de que se siembre en nuestro pa\u00eds ma\u00edz transg\u00e9nico y procurar que sea a trav\u00e9s de t\u00e9cnicas agroecol\u00f3gicas, es decir, libres de transg\u00e9nicos\u201d explic\u00f3.<\/p>\n\n\n\n<figure class=\"wp-block-embed is-type-rich is-provider-twitter wp-block-embed-twitter\"><div class=\"wp-block-embed__wrapper\">\n<div class=\"twitter-tweet\"><blockquote class=\"twitter-tweet\" data-lang=\"es\"><p lang=\"es\" dir=\"ltr\">Estamos ampliando el aeropuerto de Puerto Escondido, Oaxaca; fuimos a supervisar la obra. En abril llega el primer vuelo internacional. <a href=\"https:\/\/twitter.com\/hashtag\/PlanM%C3%A9xico?src=hash&amp;ref_src=twsrc%5Etfw\">#PlanM\u00e9xico<\/a> <a href=\"https:\/\/t.co\/3oTPbk1Uo9\">pic.twitter.com\/3oTPbk1Uo9<\/a><\/p>&mdash; Claudia Sheinbaum Pardo (@Claudiashein) <a href=\"https:\/\/twitter.com\/Claudiashein\/status\/1883658761627459842?ref_src=twsrc%5Etfw\">26 de enero de 2025<\/a><\/blockquote><\/div>\n<\/div><\/figure>\n\n\n\n<p>(Informaci\u00f3n de Infobae M\u00e9xico)<\/p>\n","protected":false},"excerpt":{"rendered":"<p>Redacci\u00f3n\/Zona Roja Cdmx. Oaxaca de Ju\u00e1rez, Oax., a 27 de enero de 2025.- Durante la&hellip;<\/p>\n","protected":false},"author":2,"featured_media":76918,"comment_status":"closed","ping_status":"open","sticky":false,"template":"","format":"standard","meta":{"_lmt_disableupdate":"","_lmt_disable":"","_jetpack_memberships_contains_paid_content":false,"footnotes":""},"categories":[109,46],"tags":[3370],"class_list":["post-76917","post","type-post","status-publish","format-standard","has-post-thumbnail","hentry","category-minuto-a-minuto","category-zona-blanca","tag-claudia-sheinbaum"],"jetpack_featured_media_url":"https:\/\/zonaroja.com.mx\/wp-content\/uploads\/2025\/01\/Claudia-Sheinbaum-aeropuerto-Oaxaca.jpeg","jetpack_sharing_enabled":true,"_links":{"self":[{"href":"https:\/\/zonaroja.com.mx\/index.php?rest_route=\/wp\/v2\/posts\/76917","targetHints":{"allow":["GET"]}}],"collection":[{"href":"https:\/\/zonaroja.com.mx\/index.php?rest_route=\/wp\/v2\/posts"}],"about":[{"href":"https:\/\/zonaroja.com.mx\/index.php?rest_route=\/wp\/v2\/types\/post"}],"author":[{"embeddable":true,"href":"https:\/\/zonaroja.com.mx\/index.php?rest_route=\/wp\/v2\/users\/2"}],"replies":[{"embeddable":true,"href":"https:\/\/zonaroja.com.mx\/index.php?rest_route=%2Fwp%2Fv2%2Fcomments&post=76917"}],"version-history":[{"count":1,"href":"https:\/\/zonaroja.com.mx\/index.php?rest_route=\/wp\/v2\/posts\/76917\/revisions"}],"predecessor-version":[{"id":76919,"href":"https:\/\/zonaroja.com.mx\/index.php?rest_route=\/wp\/v2\/posts\/76917\/revisions\/76919"}],"wp:featuredmedia":[{"embeddable":true,"href":"https:\/\/zonaroja.com.mx\/index.php?rest_route=\/wp\/v2\/media\/76918"}],"wp:attachment":[{"href":"https:\/\/zonaroja.com.mx\/index.php?rest_route=%2Fwp%2Fv2%2Fmedia&parent=76917"}],"wp:term":[{"taxonomy":"category","embeddable":true,"href":"https:\/\/zonaroja.com.mx\/index.php?rest_route=%2Fwp%2Fv2%2Fcategories&post=76917"},{"taxonomy":"post_tag","embeddable":true,"href":"https:\/\/zonaroja.com.mx\/index.php?rest_route=%2Fwp%2Fv2%2Ftags&post=76917"}],"curies":[{"name":"wp","href":"https:\/\/api.w.org\/{rel}","templated":true}]}}