{"id":76920,"date":"2025-01-27T09:18:00","date_gmt":"2025-01-27T15:18:00","guid":{"rendered":"https:\/\/zonaroja.com.mx\/?p=76920"},"modified":"2025-01-27T08:20:02","modified_gmt":"2025-01-27T14:20:02","slug":"y-donald-trump-termino-doblegando-al-gobierno-de-colombia","status":"publish","type":"post","link":"https:\/\/zonaroja.com.mx\/?p=76920","title":{"rendered":"Y Donald Trump termin\u00f3 doblegando al gobierno de Colombia"},"content":{"rendered":"\n<p>Redacci\u00f3n\/Zona Roja Cdmx.<\/p>\n\n\n\n<p>Ciudad de M\u00e9xico, a 27 de enero de 2025.- El gobierno del presidente de Colombia, Gustavo Petro, inform\u00f3 que la crisis diplom\u00e1tica con Estados Unidos qued\u00f3 superada, luego de que su par Donald Trump anunci\u00f3 una guerra comercial contra Colombia, pa\u00eds que se neg\u00f3 a recibir la deportaci\u00f3n de colombianos indocumentados transportados en aviones militares, por considerar que se estaban violando los derechos humanos y la dignidad de los migrantes.<\/p>\n\n\n\n<p>En un comunicado de prensa que ley\u00f3 el canciller, Luis Alberto Murillo, dijo escuetamente: \u201cEl gobierno de Colombia informa que hemos superado el impasse con el gobierno de los Estados Unidos\u201d.<\/p>\n\n\n\n<p>Para solucionar, como dice Petro, con dignidad el caso de los deportados, el gobierno colombiano en el mismo comunicado dijo que \u00abha dispuesto el avi\u00f3n presidencial para facilitar el retorno digno de los connacionales que iban a llegar hoy al pa\u00eds en horas de la ma\u00f1ana, provenientes de vuelos de deportaci\u00f3n\u00bb.<\/p>\n\n\n\n<p>En un video difundido en redes sociales, el jefe de la diplomacia afirm\u00f3 que seguir\u00e1n recibiendo a los colombianos deportados, \u00abgarantiz\u00e1ndoles las condiciones dignas como ciudadanos sujetos de derechos\u00bb.<\/p>\n\n\n\n<p>El ministro Murillo inform\u00f3 que viajar\u00e1 junto con el embajador de Colombia en Washington, Daniel Garc\u00eda-Pe\u00f1a, para \u201csostener reuniones de alto nivel que le den seguimiento a los acuerdos, resultado del trabajo conjunto que llev\u00f3 al intercambio de notas diplom\u00e1ticas entre los dos gobiernos\u201d.<\/p>\n\n\n\n<p>Los dos pa\u00edses, horas antes, se enfrascaron en una disputa comercial al incrementar mutuamente los aranceles luego de que Petro desautoriz\u00f3 el aterrizaje de dos aeronaves militares estadunidenses con deportados colombianos que permanec\u00edan indocumentados en ese pa\u00eds.<\/p>\n\n\n\n<p>No hubo una ruptura de relaciones diplom\u00e1ticas, pero si fue un hito en la historia entre estos dos pa\u00edses, el haber llegado a una confrontaci\u00f3n comercial de insospechados resultados: Colombia y Estados Unidos nunca en su historia hab\u00edan escalado a un nivel de deterioro sus v\u00ednculos como hoy, hecho que, sin duda, pondr\u00eda puso en riesgo el futuro del pa\u00eds sudamericano por ser el m\u00e1s vulnerable en este \u201cconflicto\u201d.<\/p>\n\n\n\n<p>Trump tras su decisi\u00f3n unilateral de deportar en aviones militares varias decenas de colombianos que viv\u00edan indocumentados en ese pa\u00eds, encontr\u00f3 en Petro un contundente rechazo y reclam\u00f3 de Washington un trato basado en el respeto de los derechos humanos y la dignidad de las personas.<\/p>\n\n\n\n<p>\u201cNo puedo hacer que los migrantes se queden en un pa\u00eds que no los quiere, pero si ese pa\u00eds los devuelve debe ser con dignidad y respeto con ellos y con nuestro pa\u00eds\u201d, escribi\u00f3 en su cuenta de X.<\/p>\n\n\n\n<p>Petro, primer mandatario de izquierda que gobierna Colombia en su trasegar republicano, lejos de eufemismos, muy \u00fatiles en el lenguaje diplom\u00e1tico, no escondi\u00f3 su malestar con la decisi\u00f3n de la Casa Blanca y hab\u00eda escrito horas antes que \u201cun migrante no es un delincuente y debe ser tratado con la dignidad de su (sic) ser humano. Por eso hice devolver los aviones militares estadounidenses que ven\u00edan con migrantes colombianos\u201d.<\/p>\n\n\n\n<p>\u201cColombia se respeta\u201d, hab\u00eda dicho Petro, tras reclamar que los colombianos deben ser deportados \u201cen aviones civiles, sin trato de delincuentes recibiremos a nuestros connacionales\u201d.<\/p>\n\n\n\n<p>La reacci\u00f3n de Petro, provoc\u00f3, casi que de inmediato, que Trump anunciara en su red Trutht Social una serie de medidas econ\u00f3micas contra Colombia que, al parecer, ya fueron superadas.<\/p>\n\n\n\n<p>Los efectos para la econom\u00eda colombiana, si se hubieran aplicado como inicialmente lo amenaz\u00f3 Trump hubieran sido devastadoras toda vez que Estados Unidos es el principal socio comercial de Colombia y las exportaciones para el a\u00f1o 2024 a ese pa\u00eds representaron cerca de 320 millones d\u00f3lares, sin contar las de petr\u00f3leo y las flores que son dos rubros que marcan la diferencia.<\/p>\n\n\n\n<p>(Informaci\u00f3n de \u201cLa Jornada\u201d)<\/p>\n","protected":false},"excerpt":{"rendered":"<p>Redacci\u00f3n\/Zona Roja Cdmx. Ciudad de M\u00e9xico, a 27 de enero de 2025.- El gobierno del&hellip;<\/p>\n","protected":false},"author":2,"featured_media":76921,"comment_status":"closed","ping_status":"open","sticky":false,"template":"","format":"standard","meta":{"_lmt_disableupdate":"","_lmt_disable":"","_jetpack_memberships_contains_paid_content":false,"footnotes":""},"categories":[109,47],"tags":[],"class_list":["post-76920","post","type-post","status-publish","format-standard","has-post-thumbnail","hentry","category-minuto-a-minuto","category-zona-gris"],"jetpack_featured_media_url":"https:\/\/zonaroja.com.mx\/wp-content\/uploads\/2025\/01\/Gobierno-de-Colombia-conferencia.webp","jetpack_sharing_enabled":true,"_links":{"self":[{"href":"https:\/\/zonaroja.com.mx\/index.php?rest_route=\/wp\/v2\/posts\/76920","targetHints":{"allow":["GET"]}}],"collection":[{"href":"https:\/\/zonaroja.com.mx\/index.php?rest_route=\/wp\/v2\/posts"}],"about":[{"href":"https:\/\/zonaroja.com.mx\/index.php?rest_route=\/wp\/v2\/types\/post"}],"author":[{"embeddable":true,"href":"https:\/\/zonaroja.com.mx\/index.php?rest_route=\/wp\/v2\/users\/2"}],"replies":[{"embeddable":true,"href":"https:\/\/zonaroja.com.mx\/index.php?rest_route=%2Fwp%2Fv2%2Fcomments&post=76920"}],"version-history":[{"count":1,"href":"https:\/\/zonaroja.com.mx\/index.php?rest_route=\/wp\/v2\/posts\/76920\/revisions"}],"predecessor-version":[{"id":76922,"href":"https:\/\/zonaroja.com.mx\/index.php?rest_route=\/wp\/v2\/posts\/76920\/revisions\/76922"}],"wp:featuredmedia":[{"embeddable":true,"href":"https:\/\/zonaroja.com.mx\/index.php?rest_route=\/wp\/v2\/media\/76921"}],"wp:attachment":[{"href":"https:\/\/zonaroja.com.mx\/index.php?rest_route=%2Fwp%2Fv2%2Fmedia&parent=76920"}],"wp:term":[{"taxonomy":"category","embeddable":true,"href":"https:\/\/zonaroja.com.mx\/index.php?rest_route=%2Fwp%2Fv2%2Fcategories&post=76920"},{"taxonomy":"post_tag","embeddable":true,"href":"https:\/\/zonaroja.com.mx\/index.php?rest_route=%2Fwp%2Fv2%2Ftags&post=76920"}],"curies":[{"name":"wp","href":"https:\/\/api.w.org\/{rel}","templated":true}]}}