{"id":76923,"date":"2025-01-27T11:21:00","date_gmt":"2025-01-27T17:21:00","guid":{"rendered":"https:\/\/zonaroja.com.mx\/?p=76923"},"modified":"2025-01-27T08:27:52","modified_gmt":"2025-01-27T14:27:52","slug":"fin-de-semana-violento-en-guanajuato-tabasco-tamaulipas","status":"publish","type":"post","link":"https:\/\/zonaroja.com.mx\/?p=76923","title":{"rendered":"Fin de semana violento en Guanajuato, Tabasco, Tamaulipas\u2026"},"content":{"rendered":"\n<p>Redacci\u00f3n\/Zona Roja Cdmx.<\/p>\n\n\n\n<p>Ciudad de M\u00e9xico, a 27 de enero de 2025.- Hombres armados irrumpieron en un sal\u00f3n de fiestas donde se celebraba una boda, y mataron a dos personas y dejaron a otras 12 lesionadas, en Salamanca, Guanajuato.<\/p>\n\n\n\n<p>La agresi\u00f3n ocurri\u00f3 unos minutos antes de la medianoche del s\u00e1bado 25 de enero. Fue a trav\u00e9s de una llamada al sistema de emergencias 911 que se tuvo conocimiento del ataque armado en una boda que se celebraba en el sal\u00f3n de fiestas \u2018Quinta las Torres\u2019, ubicado en el bulevar Hidalgo, a unos metros del acceso a la ciudad por la carretera Celaya- Salamanca, a la altura de la colonia La Cruz.<\/p>\n\n\n\n<p>Se supo que durante la fiesta, hombres armados irrumpieron violentamente en el lugar y dispararon indiscriminadamente contra los invitados.<\/p>\n\n\n\n<p>Tras el reporte de los hechos, se desplazaron elementos de la Polic\u00eda Municipal, Fuerzas de Seguridad P\u00fablica del Estado, Guardia Nacional y Ej\u00e9rcito Mexicano.<\/p>\n\n\n\n<p>La Fiscal\u00eda General del Estado inform\u00f3 este domingo que las dos v\u00edctimas mortales fueron identificadas como V\u00edctor Manuel \u2018N\u2019 y Ricardo \u2018N\u2019.<\/p>\n\n\n\n<p>Adem\u00e1s, en el ataque armado en Salamanca resultaron lesionadas 12 personas que fueron trasladadas a un hospital.<\/p>\n\n\n\n<p>EN TABASCO<\/p>\n\n\n\n<p>Dos hombres fueron asesinados y una persona m\u00e1s result\u00f3 herida en Tabasco tras un ataque armado registrado en la madrugada del domingo 26 de enero en la discoteca Opera DC, ubicada en la calle Ignacio Allende, en el centro del municipio de C\u00e1rdenas.<\/p>\n\n\n\n<p>Testigos relataron que un grupo de hombres armados irrumpi\u00f3 en el establecimiento y dispar\u00f3 directamente contra las v\u00edctimas. Dos de los agredidos perdieron la vida en el lugar, mientras que un tercero fue trasladado a un hospital cercano por asistentes del bar.<\/p>\n\n\n\n<p>Aunque se mont\u00f3 un operativo por parte de elementos federales y municipales, quienes acordonaron el \u00e1rea, no se han reportado detenidos.<\/p>\n\n\n\n<p>Se trata del tercer evento de esta naturaleza en un centro nocturno en menos de dos meses en Tabasco. El pasado 24 de noviembre, seis personas fueron asesinadas en el antro DBAR, en Villahermosa, mientras que el 4 de enero, siete m\u00e1s murieron baleadas en el bar La Casita Azul, en la colonia Tamult\u00e9 de las Barrancas.<\/p>\n\n\n\n<p>EN TAMAULIPAS<\/p>\n\n\n\n<p>Bloqueos y balaceras entre escisiones del C\u00e1rtel del Golfo se registraron las primeras horas de este domingo 26 de enero en Reynosa, Tamaulipas afectado la vialidad de conductores que se encontraron con ponchallantas.<\/p>\n\n\n\n<p>La Vocer\u00eda de Seguridad Tamaulipas, inform\u00f3 que la situaci\u00f3n de riesgo se report\u00f3 alrededor de las 07:00 horas, a trav\u00e9s de una llamada que alert\u00f3 sobre ponchallantas y bloqueo con camionetas, en la carretera Matamoros- Reynosa a la altura del ejido Palo Blanco en los l\u00edmites con R\u00edo Bravo.<\/p>\n\n\n\n<p>La situaci\u00f3n de riesgo fue motivada por enfrentamientos armados entre grupos delictivos contrarios, que buscan el control de la zona para llevar a cabo sus actividades ilegales.<\/p>\n\n\n\n<p>Ante ello, la Vocer\u00eda de Seguridad inform\u00f3 que se despleg\u00f3 un operativo de seguridad por la zona para tratar de detener a los generadores de violencia Hasta el momento no se reporta ninguna captura.<\/p>\n\n\n\n<p>(Informaci\u00f3n de \u201cEl Financiero\u201d)<\/p>\n","protected":false},"excerpt":{"rendered":"<p>Redacci\u00f3n\/Zona Roja Cdmx. Ciudad de M\u00e9xico, a 27 de enero de 2025.- Hombres armados irrumpieron&hellip;<\/p>\n","protected":false},"author":2,"featured_media":76924,"comment_status":"closed","ping_status":"open","sticky":false,"template":"","format":"standard","meta":{"_lmt_disableupdate":"","_lmt_disable":"","_jetpack_memberships_contains_paid_content":false,"footnotes":""},"categories":[109,51],"tags":[1746],"class_list":["post-76923","post","type-post","status-publish","format-standard","has-post-thumbnail","hentry","category-minuto-a-minuto","category-zona-roja","tag-violencia-en-mexico"],"jetpack_featured_media_url":"https:\/\/zonaroja.com.mx\/wp-content\/uploads\/2025\/01\/Violencia-en-Guanajuato.jpeg.avif","jetpack_sharing_enabled":true,"_links":{"self":[{"href":"https:\/\/zonaroja.com.mx\/index.php?rest_route=\/wp\/v2\/posts\/76923","targetHints":{"allow":["GET"]}}],"collection":[{"href":"https:\/\/zonaroja.com.mx\/index.php?rest_route=\/wp\/v2\/posts"}],"about":[{"href":"https:\/\/zonaroja.com.mx\/index.php?rest_route=\/wp\/v2\/types\/post"}],"author":[{"embeddable":true,"href":"https:\/\/zonaroja.com.mx\/index.php?rest_route=\/wp\/v2\/users\/2"}],"replies":[{"embeddable":true,"href":"https:\/\/zonaroja.com.mx\/index.php?rest_route=%2Fwp%2Fv2%2Fcomments&post=76923"}],"version-history":[{"count":1,"href":"https:\/\/zonaroja.com.mx\/index.php?rest_route=\/wp\/v2\/posts\/76923\/revisions"}],"predecessor-version":[{"id":76925,"href":"https:\/\/zonaroja.com.mx\/index.php?rest_route=\/wp\/v2\/posts\/76923\/revisions\/76925"}],"wp:featuredmedia":[{"embeddable":true,"href":"https:\/\/zonaroja.com.mx\/index.php?rest_route=\/wp\/v2\/media\/76924"}],"wp:attachment":[{"href":"https:\/\/zonaroja.com.mx\/index.php?rest_route=%2Fwp%2Fv2%2Fmedia&parent=76923"}],"wp:term":[{"taxonomy":"category","embeddable":true,"href":"https:\/\/zonaroja.com.mx\/index.php?rest_route=%2Fwp%2Fv2%2Fcategories&post=76923"},{"taxonomy":"post_tag","embeddable":true,"href":"https:\/\/zonaroja.com.mx\/index.php?rest_route=%2Fwp%2Fv2%2Ftags&post=76923"}],"curies":[{"name":"wp","href":"https:\/\/api.w.org\/{rel}","templated":true}]}}