{"id":7693,"date":"2020-01-15T08:40:21","date_gmt":"2020-01-15T14:40:21","guid":{"rendered":"http:\/\/www.zonaroja.com.mx\/?p=7693"},"modified":"2020-01-15T08:40:26","modified_gmt":"2020-01-15T14:40:26","slug":"tragedia-de-torreon-destapa-lavado-de-dinero-en-familia-del-menor","status":"publish","type":"post","link":"https:\/\/zonaroja.com.mx\/?p=7693","title":{"rendered":"Tragedia de Torre\u00f3n destapa lavado de dinero en familia del menor"},"content":{"rendered":"\n<p>Redacci\u00f3n\/Zona\nRoja Cdmx.<\/p>\n\n\n\n<p>Ciudad de\nM\u00e9xico, enero 15 de 2020.- Una aut\u00e9ntica cloaca familiar se destap\u00f3 tras la\ntragedia del viernes en el Colegio \u201cCervantes\u201d de Torre\u00f3n, donde el ni\u00f1o Jos\u00e9\n\u00c1ngel, de apenas 11 a\u00f1os de edad, sac\u00f3 dos pistolas, mat\u00f3 a una maestra, hiri\u00f3\na seis personas y se suicid\u00f3.<\/p>\n\n\n\n<p>El diario \u201cReforma\u201d\nrevel\u00f3 hoy que de acuerdo con el titular de la Unidad de Inteligencia\nFinanciera (UIF), Santiago Nieto, y el Secretario de Gobierno de Durango,\nAdri\u00e1n Alan\u00eds, el entorno familiar del ni\u00f1o es de personas involucradas con\nnarcotr\u00e1fico, lavado de dinero, encarcelamiento y muertes violentas.<\/p>\n\n\n\n<p>La Fiscal\u00eda\nde Coahuila identific\u00f3 el lunes al abuelo, de entre 58 y 60 a\u00f1os, como Jos\u00e9\n\u00c1ngel \u00abN\u00bb, cuando dio a conocer que lo detuvo por omisi\u00f3n en el\nhomicidio de la maestra y la muerte del ni\u00f1o, ya que eran suyas las pistolas\nusadas.<\/p>\n\n\n\n<p>La\ninformaci\u00f3n de la UIF y Durango fue presentada en eventos separados, a\u00f1ade la\npublicaci\u00f3n de \u201cReforma\u201d.<\/p>\n\n\n\n<p>Alrededor de\nlas 13;00 horas, en una reuni\u00f3n privada con la Conferencia Nacional de\nGobernadores (Conago) Nieto dijo que las cuentas de los abuelos y el padre\nser\u00e1n bloqueadas como parte de indagatorias de presunto lavado de dinero y\ndefraudaci\u00f3n fiscal; identific\u00f3 ah\u00ed a los abuelos como Jos\u00e9 \u00c1ngel Ramos Saucedo\ny Rebeca Jim\u00e9nez.<\/p>\n\n\n\n<p>\u00abPodemos\nver que (\u00e9l) no es ning\u00fan seminarista\u00bb, dijo. \u00abEl abuelo tiene 121\nmillones de pesos de flujo en efectivo hacia empresas, tiene recepci\u00f3n de\nflujos de efectivo por 24 millones de pesos en sus propias empresas.<\/p>\n\n\n\n<p>\u00ab(Tambi\u00e9n\nse le detect\u00f3) la adquisici\u00f3n de seis veh\u00edculos de lujo en dos a\u00f1os: tres BMW,\ntres Jeep Cherokee\u00bb, afirm\u00f3.<\/p>\n\n\n\n<p>\u00abAdem\u00e1s\nde que la abuela, la se\u00f1ora Rebeca Jim\u00e9nez, tiene la adquisici\u00f3n de tres\ncamionetas de lujo, adem\u00e1s blindadas, transferencias de dinero hacia Estados\nUnidos y un problema de defraudaci\u00f3n fiscal.<\/p>\n\n\n\n<p>\u00abNi la\nabuela, el abuelo, ni el hijo presentan declaraciones fiscales\u00bb, se\u00f1al\u00f3\nNieto, \u00abpor tanto, es un tema de lavado de dinero y de fraude fiscal.<\/p>\n\n\n\n<p>\u00abPresentaremos\nla denuncia correspondiente y haremos el bloqueo de cuentas en raz\u00f3n de que\nencontramos que no hay fundamento para tener esos flujos de capital de una\npersona que lo que tiene formalmente registrado es una casa, un lugar de rentas\npara fiestas\u00bb.<\/p>\n\n\n\n<p>VERSI\u00d3N\nESTATAL<\/p>\n\n\n\n<p>Previamente,\nalrededor de las 10:00 horas, en la capital de Durango, Estado que colinda con\nTorre\u00f3n en la zona de La Laguna, el Secretario de Gobierno dijo en un evento de\nprevenci\u00f3n del suicidio que la madre del ni\u00f1o habr\u00eda sido asesinada con\ndegollamiento y que su padre estuvo preso en Estados Unidos por narcotr\u00e1fico.<\/p>\n\n\n\n<p>Agreg\u00f3 que\nla vida del menor habr\u00eda sido marcada por la ausencia de sus padres.<\/p>\n\n\n\n<p>\u00abVemos\nla forma en que falleci\u00f3 la mam\u00e1 del ni\u00f1o, quien parece fue degollada. El pap\u00e1\nparece que tambi\u00e9n estuvo preso en Estados Unidos por cuesti\u00f3n de\nnarcotr\u00e1fico\u00bb, dijo.<\/p>\n\n\n\n<p>La madre fue\nidentificada p\u00fablicamente el domingo durante la misa de cuerpo presente del\nni\u00f1o, cuando se pidi\u00f3 por el eterno descanso de Yezmine Natali Betts.<\/p>\n\n\n\n<p>En redes sociales\ncircul\u00f3 ayer una presunta ficha en la que se registraba que el padre del menor,\ntambi\u00e9n de nombre \u00abJos\u00e9 \u00c1ngel\u00bb, fue liberado de una c\u00e1rcel\nestadounidense el 28 de octubre del a\u00f1o pasado, cuando habr\u00eda sido deportado\npor Texas.<\/p>\n","protected":false},"excerpt":{"rendered":"<p>Redacci\u00f3n\/Zona Roja Cdmx. Ciudad de M\u00e9xico, enero 15 de 2020.- Una aut\u00e9ntica cloaca familiar se&hellip;<\/p>\n","protected":false},"author":2,"featured_media":7656,"comment_status":"closed","ping_status":"open","sticky":false,"template":"","format":"standard","meta":{"_lmt_disableupdate":"","_lmt_disable":"","_jetpack_memberships_contains_paid_content":false,"footnotes":""},"categories":[109,47],"tags":[1263,1276],"class_list":["post-7693","post","type-post","status-publish","format-standard","has-post-thumbnail","hentry","category-minuto-a-minuto","category-zona-gris","tag-colegio-cervantes","tag-torreon-coahuila"],"jetpack_featured_media_url":"https:\/\/zonaroja.com.mx\/wp-content\/uploads\/2020\/01\/Colegio-Cervantes.jpg","jetpack_sharing_enabled":true,"_links":{"self":[{"href":"https:\/\/zonaroja.com.mx\/index.php?rest_route=\/wp\/v2\/posts\/7693","targetHints":{"allow":["GET"]}}],"collection":[{"href":"https:\/\/zonaroja.com.mx\/index.php?rest_route=\/wp\/v2\/posts"}],"about":[{"href":"https:\/\/zonaroja.com.mx\/index.php?rest_route=\/wp\/v2\/types\/post"}],"author":[{"embeddable":true,"href":"https:\/\/zonaroja.com.mx\/index.php?rest_route=\/wp\/v2\/users\/2"}],"replies":[{"embeddable":true,"href":"https:\/\/zonaroja.com.mx\/index.php?rest_route=%2Fwp%2Fv2%2Fcomments&post=7693"}],"version-history":[{"count":1,"href":"https:\/\/zonaroja.com.mx\/index.php?rest_route=\/wp\/v2\/posts\/7693\/revisions"}],"predecessor-version":[{"id":7694,"href":"https:\/\/zonaroja.com.mx\/index.php?rest_route=\/wp\/v2\/posts\/7693\/revisions\/7694"}],"wp:featuredmedia":[{"embeddable":true,"href":"https:\/\/zonaroja.com.mx\/index.php?rest_route=\/wp\/v2\/media\/7656"}],"wp:attachment":[{"href":"https:\/\/zonaroja.com.mx\/index.php?rest_route=%2Fwp%2Fv2%2Fmedia&parent=7693"}],"wp:term":[{"taxonomy":"category","embeddable":true,"href":"https:\/\/zonaroja.com.mx\/index.php?rest_route=%2Fwp%2Fv2%2Fcategories&post=7693"},{"taxonomy":"post_tag","embeddable":true,"href":"https:\/\/zonaroja.com.mx\/index.php?rest_route=%2Fwp%2Fv2%2Ftags&post=7693"}],"curies":[{"name":"wp","href":"https:\/\/api.w.org\/{rel}","templated":true}]}}