{"id":76932,"date":"2025-01-27T15:48:41","date_gmt":"2025-01-27T21:48:41","guid":{"rendered":"https:\/\/zonaroja.com.mx\/?p=76932"},"modified":"2025-01-27T15:48:41","modified_gmt":"2025-01-27T21:48:41","slug":"inicia-la-semana-con-un-asesinato-en-pinotepa-nacional","status":"publish","type":"post","link":"https:\/\/zonaroja.com.mx\/?p=76932","title":{"rendered":"Inicia la semana con un asesinato, en Pinotepa Nacional&nbsp;"},"content":{"rendered":"\n<p>Raymundo Morales\/Zona Roja.<\/p>\n\n\n\n<p>Oaxaca de Ju\u00e1rez, Oax., a 27 de enero de 2025.- Una persona del sexo masculino fue ejecutada a balazos la madrugada de hoy en Santiago Pinotepa Nacional.&nbsp;<\/p>\n\n\n\n<p>Fue alrededor de las 02:00 horas en que se escucharon detonaciones de arma de fuego, cerca de una tienda Oxxo y un sal\u00f3n de fiestas denominado \u201cLas Margaritas.<\/p>\n\n\n\n<p>Al llegar la polic\u00eda, \u00fanicamente hallaron un cuerpo sin vida, que param\u00e9dicos de auxilio confirmaron que ya no contaba con signos vitales.&nbsp;<\/p>\n\n\n\n<p>De manera preliminar la v\u00edctima fue identificada como Alfredo Manuel G., de aproximadamente 34 a\u00f1os de edad.&nbsp;<\/p>\n\n\n\n<p>Personal investigador y peritos de la Vicefiscal\u00eda Regional de la Costa, de la Fiscal\u00eda General del Estado de Oaxaca, inici\u00f3 las diligencias&nbsp;con la finalidad de esclarecer el caso.&nbsp;<\/p>\n","protected":false},"excerpt":{"rendered":"<p>Raymundo Morales\/Zona Roja. Oaxaca de Ju\u00e1rez, Oax., a 27 de enero de 2025.- Una persona&hellip;<\/p>\n","protected":false},"author":2,"featured_media":74948,"comment_status":"closed","ping_status":"open","sticky":false,"template":"","format":"standard","meta":{"_lmt_disableupdate":"","_lmt_disable":"","_jetpack_memberships_contains_paid_content":false,"footnotes":""},"categories":[109,51],"tags":[],"class_list":["post-76932","post","type-post","status-publish","format-standard","has-post-thumbnail","hentry","category-minuto-a-minuto","category-zona-roja"],"jetpack_featured_media_url":"https:\/\/zonaroja.com.mx\/wp-content\/uploads\/2024\/11\/Escena-violencia-asesinato-crimen.jpg","jetpack_sharing_enabled":true,"_links":{"self":[{"href":"https:\/\/zonaroja.com.mx\/index.php?rest_route=\/wp\/v2\/posts\/76932","targetHints":{"allow":["GET"]}}],"collection":[{"href":"https:\/\/zonaroja.com.mx\/index.php?rest_route=\/wp\/v2\/posts"}],"about":[{"href":"https:\/\/zonaroja.com.mx\/index.php?rest_route=\/wp\/v2\/types\/post"}],"author":[{"embeddable":true,"href":"https:\/\/zonaroja.com.mx\/index.php?rest_route=\/wp\/v2\/users\/2"}],"replies":[{"embeddable":true,"href":"https:\/\/zonaroja.com.mx\/index.php?rest_route=%2Fwp%2Fv2%2Fcomments&post=76932"}],"version-history":[{"count":1,"href":"https:\/\/zonaroja.com.mx\/index.php?rest_route=\/wp\/v2\/posts\/76932\/revisions"}],"predecessor-version":[{"id":76933,"href":"https:\/\/zonaroja.com.mx\/index.php?rest_route=\/wp\/v2\/posts\/76932\/revisions\/76933"}],"wp:featuredmedia":[{"embeddable":true,"href":"https:\/\/zonaroja.com.mx\/index.php?rest_route=\/wp\/v2\/media\/74948"}],"wp:attachment":[{"href":"https:\/\/zonaroja.com.mx\/index.php?rest_route=%2Fwp%2Fv2%2Fmedia&parent=76932"}],"wp:term":[{"taxonomy":"category","embeddable":true,"href":"https:\/\/zonaroja.com.mx\/index.php?rest_route=%2Fwp%2Fv2%2Fcategories&post=76932"},{"taxonomy":"post_tag","embeddable":true,"href":"https:\/\/zonaroja.com.mx\/index.php?rest_route=%2Fwp%2Fv2%2Ftags&post=76932"}],"curies":[{"name":"wp","href":"https:\/\/api.w.org\/{rel}","templated":true}]}}