{"id":76943,"date":"2025-01-28T07:15:00","date_gmt":"2025-01-28T13:15:00","guid":{"rendered":"https:\/\/zonaroja.com.mx\/?p=76943"},"modified":"2025-01-28T06:41:03","modified_gmt":"2025-01-28T12:41:03","slug":"invertiran-en-oaxaca-2-mil-mdp-para-repavimentar-carreteras","status":"publish","type":"post","link":"https:\/\/zonaroja.com.mx\/?p=76943","title":{"rendered":"Invertir\u00e1n en Oaxaca 2 mil mdp para repavimentar carreteras"},"content":{"rendered":"\n<p>Raymundo Morales\/Zona Roja.<\/p>\n\n\n\n<p>Oaxaca de Ju\u00e1rez, Oax., a 28 de enero de 2025.- Una inversi\u00f3n superior a los dos mil millones de pesos destinar\u00e1 el gobierno de M\u00e9xico para repavimentar aproximadamente mil 294 kil\u00f3metros de carreteras en Oaxaca.<\/p>\n\n\n\n<p>Ello es resultado de la intensa gira de trabajo de este fin de semana de la Presidenta de M\u00e9xico, Claudia Sheinbaum Pardo, por la entidad, inform\u00f3 el mandatario Salom\u00f3n Jara Cruz.<\/p>\n\n\n\n<p>\u201cEstas son las buenas noticias que tenemos para el pueblo; con estas obras y las carreteras Salina Cruz-Zihuatanejo y Oaxaca-Tuxtepec se reducir\u00e1 el atraso, abandono y marginaci\u00f3n que durante a\u00f1os permaneci\u00f3 en nuestro estado\u201d, se\u00f1al\u00f3 ayer en conferencia de prensa.<\/p>\n\n\n\n<p>Indic\u00f3 que algunos de los tramos que ser\u00e1n atendidos se encuentran en los municipios: San Juan Bautista Coixtlahuaca, Villa Tej\u00fapam de la Uni\u00f3n, Tamazul\u00e1pam del Progreso, Villa de Chilapa de D\u00edaz, Heroica Ciudad de Huajuapan de Le\u00f3n, Mariscala de Ju\u00e1rez, San Juan Teposcolula, Heroica Ciudad de Tlaxiaco.<\/p>\n\n\n\n<p>Tambi\u00e9n Putla Villa de Guerrero, Santiago Juxtlahuaca, San Sebasti\u00e1n Tecomaxtlahuaca, Coicoy\u00e1n de las Flores, San Juan Mixtepec, Santiago Pinotepa Nacional, Oaxaca de Ju\u00e1rez, Santa Catarina Juquila, Ixtl\u00e1n de Ju\u00e1rez, San Bartolom\u00e9 Zoogocho y San Pedro Mixtepec.<\/p>\n\n\n\n<p>Aunado a ello, inform\u00f3 que el Gobierno Federal continuar\u00e1 desarrollando los Polos del Bienestar del Corredor Interoce\u00e1nico del Istmo de Tehuantepec (CIIT) y acelerar\u00e1 los trabajos de la L\u00ednea K del Ferrocarril para que, a principios de 2026, se inaugure su ampliaci\u00f3n como tren de pasajeros y carga, del Istmo hasta Ciudad Hidalgo, Chiapas.<\/p>\n\n\n\n<p>Ante las y los representantes de los medios de comunicaci\u00f3n, Jara Cruz dio a conocer que la Presidenta de M\u00e9xico tambi\u00e9n reiter\u00f3 la continuidad de todos los programas del bienestar, como son: Pensi\u00f3n para el Bienestar de las Personas Adultas Mayores, Pensi\u00f3n para el Bienestar de las Personas con Discapacidad, Beca Universal para el Bienestar Benito Ju\u00e1rez de Educaci\u00f3n Media Superior, Programa Sembrando Vida y Producci\u00f3n para el Bienestar.<\/p>\n\n\n\n<p>Adem\u00e1s de la implementaci\u00f3n de tres nuevos programas sociales en Oaxaca, Pensi\u00f3n Mujeres Bienestar para apoyar a todas las mujeres de 60 a 64 a\u00f1os, en una primera etapa de 63 y 64 a\u00f1os; la Beca Universal Rita Cetina para ni\u00f1as y ni\u00f1os de escuelas p\u00fablicas, este a\u00f1o para el nivel secundaria, y Salud Casa por Casa para las y los adultos mayores.<\/p>\n\n\n\n<p>\u201cEn estos 3 d\u00edas Claudia Sheinbaum pudo comprobar que nuestro estado no solo es el coraz\u00f3n cultural y ling\u00fc\u00edstico de M\u00e9xico, sino tambi\u00e9n el coraz\u00f3n de la Cuarta Transformaci\u00f3n\u201d, expres\u00f3.<\/p>\n","protected":false},"excerpt":{"rendered":"<p>Raymundo Morales\/Zona Roja. Oaxaca de Ju\u00e1rez, Oax., a 28 de enero de 2025.- Una inversi\u00f3n&hellip;<\/p>\n","protected":false},"author":2,"featured_media":76944,"comment_status":"closed","ping_status":"open","sticky":false,"template":"","format":"standard","meta":{"_lmt_disableupdate":"","_lmt_disable":"","_jetpack_memberships_contains_paid_content":false,"footnotes":""},"categories":[109,46],"tags":[939],"class_list":["post-76943","post","type-post","status-publish","format-standard","has-post-thumbnail","hentry","category-minuto-a-minuto","category-zona-blanca","tag-salomon-jara-cruz"],"jetpack_featured_media_url":"https:\/\/zonaroja.com.mx\/wp-content\/uploads\/2025\/01\/Salomon-Jara-conferencia-de-prensa.jpg","jetpack_sharing_enabled":true,"_links":{"self":[{"href":"https:\/\/zonaroja.com.mx\/index.php?rest_route=\/wp\/v2\/posts\/76943","targetHints":{"allow":["GET"]}}],"collection":[{"href":"https:\/\/zonaroja.com.mx\/index.php?rest_route=\/wp\/v2\/posts"}],"about":[{"href":"https:\/\/zonaroja.com.mx\/index.php?rest_route=\/wp\/v2\/types\/post"}],"author":[{"embeddable":true,"href":"https:\/\/zonaroja.com.mx\/index.php?rest_route=\/wp\/v2\/users\/2"}],"replies":[{"embeddable":true,"href":"https:\/\/zonaroja.com.mx\/index.php?rest_route=%2Fwp%2Fv2%2Fcomments&post=76943"}],"version-history":[{"count":1,"href":"https:\/\/zonaroja.com.mx\/index.php?rest_route=\/wp\/v2\/posts\/76943\/revisions"}],"predecessor-version":[{"id":76945,"href":"https:\/\/zonaroja.com.mx\/index.php?rest_route=\/wp\/v2\/posts\/76943\/revisions\/76945"}],"wp:featuredmedia":[{"embeddable":true,"href":"https:\/\/zonaroja.com.mx\/index.php?rest_route=\/wp\/v2\/media\/76944"}],"wp:attachment":[{"href":"https:\/\/zonaroja.com.mx\/index.php?rest_route=%2Fwp%2Fv2%2Fmedia&parent=76943"}],"wp:term":[{"taxonomy":"category","embeddable":true,"href":"https:\/\/zonaroja.com.mx\/index.php?rest_route=%2Fwp%2Fv2%2Fcategories&post=76943"},{"taxonomy":"post_tag","embeddable":true,"href":"https:\/\/zonaroja.com.mx\/index.php?rest_route=%2Fwp%2Fv2%2Ftags&post=76943"}],"curies":[{"name":"wp","href":"https:\/\/api.w.org\/{rel}","templated":true}]}}