{"id":76946,"date":"2025-01-28T08:15:00","date_gmt":"2025-01-28T14:15:00","guid":{"rendered":"https:\/\/zonaroja.com.mx\/?p=76946"},"modified":"2025-01-28T06:59:27","modified_gmt":"2025-01-28T12:59:27","slug":"otra-vez-tehuantepec-enesimo-asalto-a-tienda-coppel","status":"publish","type":"post","link":"https:\/\/zonaroja.com.mx\/?p=76946","title":{"rendered":"\u00a1Otra vez Tehuantepec! En\u00e9simo asalto a tienda Coppel"},"content":{"rendered":"\n<p>Raymundo Morales\/Zona Roja.<\/p>\n\n\n\n<p>Oaxaca de Ju\u00e1rez, Oax., a 28 de enero de 2027.- La violencia no cesa en Santo Domingo Tehuantepec y anoche, en pleno centro de dicho municipio istme\u00f1o, fue asaltada la tienda Coppel.<\/p>\n\n\n\n<p>Se trata del establecimiento ubicado en la avenida Juana C. Romero, del barrio Labor\u00edo, a donde llegaron al menos dos personas con armas de fuego, que tras amagar a clientes y trabajadores, se apoderaron de dinero, celulares y equipos.<\/p>\n\n\n\n<p>Luego huyeron sin que hubiera polic\u00edas en la zona, a pesar de que a unos metros se encuentra el palacio municipal.<\/p>\n\n\n\n<p>Como suele suceder, tras el hecho arribaron polic\u00edas estatales y municipales, as\u00ed como elementos de Ej\u00e9rcito Nacional y la Marina, pero no dieron con los asaltantes.<\/p>\n\n\n\n<p>La tienda Coppel Sandunga de Tehuantepec ha sido asaltada por lo menos en tres ocasiones en un a\u00f1o y hasta el momento las autoridades municipales no han reforzado la vigilancia ni siquiera en el centro del municipio.<\/p>\n\n\n\n<p>IDENTIFICAN A V\u00cdCTIMAS<\/p>\n\n\n\n<p>Por otra parte, como Jorge R. L., de 24 a\u00f1os de edad, y Jos\u00e9 Daniel A. G., de 35 a\u00f1os, fueron identificadas las dos personas que fueron asesinadas anoche en \u00c1nimas Trujano, municipio conurbado de la zona metropolitana de la ciudad de Oaxaca.<\/p>\n\n\n\n<p>El doble crimen se perpetr\u00f3 cerca de las 21:00 horas en la calle 20 de Noviembre, a tres cuadras de palacio municipal y tampoco hab\u00eda polic\u00edas en la zona para detener a los delincuentes.<\/p>\n\n\n\n<p>Tambi\u00e9n ayer por la ma\u00f1ana, asesinaron a un individuo, pero en el municipio de Santiago Pinotepa Nacional, en cuyo caso tampoco hay personas detenidas.<\/p>\n","protected":false},"excerpt":{"rendered":"<p>Raymundo Morales\/Zona Roja. Oaxaca de Ju\u00e1rez, Oax., a 28 de enero de 2027.- La violencia&hellip;<\/p>\n","protected":false},"author":2,"featured_media":75616,"comment_status":"closed","ping_status":"open","sticky":false,"template":"","format":"standard","meta":{"_lmt_disableupdate":"","_lmt_disable":"","_jetpack_memberships_contains_paid_content":false,"footnotes":""},"categories":[109,47],"tags":[503],"class_list":["post-76946","post","type-post","status-publish","format-standard","has-post-thumbnail","hentry","category-minuto-a-minuto","category-zona-gris","tag-asaltos-istmo-de-tehuantepec"],"jetpack_featured_media_url":"https:\/\/zonaroja.com.mx\/wp-content\/uploads\/2024\/12\/coppel-sandunga.jpeg","jetpack_sharing_enabled":true,"_links":{"self":[{"href":"https:\/\/zonaroja.com.mx\/index.php?rest_route=\/wp\/v2\/posts\/76946","targetHints":{"allow":["GET"]}}],"collection":[{"href":"https:\/\/zonaroja.com.mx\/index.php?rest_route=\/wp\/v2\/posts"}],"about":[{"href":"https:\/\/zonaroja.com.mx\/index.php?rest_route=\/wp\/v2\/types\/post"}],"author":[{"embeddable":true,"href":"https:\/\/zonaroja.com.mx\/index.php?rest_route=\/wp\/v2\/users\/2"}],"replies":[{"embeddable":true,"href":"https:\/\/zonaroja.com.mx\/index.php?rest_route=%2Fwp%2Fv2%2Fcomments&post=76946"}],"version-history":[{"count":1,"href":"https:\/\/zonaroja.com.mx\/index.php?rest_route=\/wp\/v2\/posts\/76946\/revisions"}],"predecessor-version":[{"id":76947,"href":"https:\/\/zonaroja.com.mx\/index.php?rest_route=\/wp\/v2\/posts\/76946\/revisions\/76947"}],"wp:featuredmedia":[{"embeddable":true,"href":"https:\/\/zonaroja.com.mx\/index.php?rest_route=\/wp\/v2\/media\/75616"}],"wp:attachment":[{"href":"https:\/\/zonaroja.com.mx\/index.php?rest_route=%2Fwp%2Fv2%2Fmedia&parent=76946"}],"wp:term":[{"taxonomy":"category","embeddable":true,"href":"https:\/\/zonaroja.com.mx\/index.php?rest_route=%2Fwp%2Fv2%2Fcategories&post=76946"},{"taxonomy":"post_tag","embeddable":true,"href":"https:\/\/zonaroja.com.mx\/index.php?rest_route=%2Fwp%2Fv2%2Ftags&post=76946"}],"curies":[{"name":"wp","href":"https:\/\/api.w.org\/{rel}","templated":true}]}}