{"id":7695,"date":"2020-01-15T08:49:19","date_gmt":"2020-01-15T14:49:19","guid":{"rendered":"http:\/\/www.zonaroja.com.mx\/?p=7695"},"modified":"2020-01-15T08:49:23","modified_gmt":"2020-01-15T14:49:23","slug":"haran-megasimulacro-por-sismo-el-ieepo-invita-a-participar-en-ejercicio","status":"publish","type":"post","link":"https:\/\/zonaroja.com.mx\/?p=7695","title":{"rendered":"Har\u00e1n \u201cmegasimulacro\u201d por sismo; el IEEPO invita a participar en ejercicio"},"content":{"rendered":"\n<p>Redacci\u00f3n\/Zona\nRoja.<\/p>\n\n\n\n<p>Oaxaca de\nJu\u00e1rez, Oax. 15 de enero de 2020.- El Instituto Estatal de Educaci\u00f3n P\u00fablica de\nOaxaca (IEEPO) invita a estudiantes, docentes, directivos, madres y padres de\nfamilia a participar en el Macrosimulacro Nacional 2020, que se llevar\u00e1 a cabo\nel pr\u00f3ximo lunes 20 de enero, a las 11:00 horas.<\/p>\n\n\n\n<p>En estrecha\nrelaci\u00f3n con la Coordinaci\u00f3n Estatal de Protecci\u00f3n Civil (CEPCO), exhorta a la\npoblaci\u00f3n escolar a que pongan en pr\u00e1ctica los conocimientos sobre el actuar en\ncaso de una contingencia como son los sismos, con la finalidad de identificar\nriesgos y adoptar las medidas preventivas de organizaci\u00f3n para evitar posibles\nda\u00f1os en caso de una eventualidad o mitigar sus posibles efectos.<\/p>\n\n\n\n<p>Ante el\ninter\u00e9s del director general del Instituto, Francisco \u00c1ngel Villarreal, este\norganismo promueve de manera permanente la cultura de protecci\u00f3n civil en las\nescuelas de nivel b\u00e1sico, as\u00ed como la integraci\u00f3n de los Comit\u00e9s Escolares de\nGesti\u00f3n Integral de Riesgos de Desastres, que adem\u00e1s de ser obligatorios est\u00e1n\nintegrados por los directivos de cada plantel, docentes y padres de familia,\nquienes de manera conjunta elaboran un Plan Escolar de Gesti\u00f3n Integral de\nRiesgos de Desastres<\/p>\n\n\n\n<p>Como parte\ndel ejercicio de pr\u00e1ctica programado para el lunes 20, se activar\u00e1 el sonido de\nla alerta s\u00edsmica y se escuchar\u00e1n en los 13 altoparlantes de la ciudad de\nOaxaca, al igual que en los municipios aleda\u00f1os; as\u00ed tambi\u00e9n en los radios\nsarmex que cuentan los diversos planteles educativos.<\/p>\n\n\n\n<p>Al respecto,\nel responsable del \u00c1rea de Protecci\u00f3n Civil y Emergencia Escolar del IEEPO,\nJos\u00e9 de Jes\u00fas N\u00fa\u00f1ez Grijalva, expuso que este Macrosimulacro \u2013el primero de\ntres que se realizar\u00e1n durante 2020-, tiene como prop\u00f3sito fomentar la cultura\nde la Protecci\u00f3n Civil en la poblaci\u00f3n estudiantil y docente, as\u00ed como a las\nmadres y padres de familia para fortalecer las capacidades de reacci\u00f3n de los\nComit\u00e9s Escolares de Gesti\u00f3n Integral de Riesgos de Desastres.<\/p>\n\n\n\n<p>Indic\u00f3 que\nlas escuelas tendr\u00e1n la oportunidad de poner en pr\u00e1ctica los conocimientos\nadquiridos en materia de protecci\u00f3n civil y ajustar el actuar ante la presencia\nde una contingencia como son los movimientos tel\u00faricos.<\/p>\n\n\n\n<p>Explic\u00f3 que\nel IEEPO, a trav\u00e9s de \u00c1rea de Protecci\u00f3n Civil y Emergencia Escolar, ha dise\u00f1ado\nel Plan Escolar de Gesti\u00f3n Integral de Riesgos de Desastres, instrumento que\npermite la organizaci\u00f3n y coordinaci\u00f3n entre los integrantes de la comunidad\neducativa con el fin de que incorporen variables de reducci\u00f3n y prevenci\u00f3n de\nriesgos en su planificaci\u00f3n.<\/p>\n\n\n\n<p>Para mayor\ninformaci\u00f3n sobre el tema, invit\u00f3 a comunicarse al tel\u00e9fono 143 31 76 o\nestablecer contacto a trav\u00e9s del correo electr\u00f3nico\npc_emergenciaescolar@hotmail.com.<\/p>\n","protected":false},"excerpt":{"rendered":"<p>Redacci\u00f3n\/Zona Roja. Oaxaca de Ju\u00e1rez, Oax. 15 de enero de 2020.- El Instituto Estatal de&hellip;<\/p>\n","protected":false},"author":2,"featured_media":7696,"comment_status":"closed","ping_status":"open","sticky":false,"template":"","format":"standard","meta":{"_lmt_disableupdate":"","_lmt_disable":"","_jetpack_memberships_contains_paid_content":false,"footnotes":""},"categories":[109,46],"tags":[599],"class_list":["post-7695","post","type-post","status-publish","format-standard","has-post-thumbnail","hentry","category-minuto-a-minuto","category-zona-blanca","tag-instituto-estatal-de-educacion-publica-de-oaxaca"],"jetpack_featured_media_url":"https:\/\/zonaroja.com.mx\/wp-content\/uploads\/2020\/01\/IEEPO-2-2.jpeg","jetpack_sharing_enabled":true,"_links":{"self":[{"href":"https:\/\/zonaroja.com.mx\/index.php?rest_route=\/wp\/v2\/posts\/7695","targetHints":{"allow":["GET"]}}],"collection":[{"href":"https:\/\/zonaroja.com.mx\/index.php?rest_route=\/wp\/v2\/posts"}],"about":[{"href":"https:\/\/zonaroja.com.mx\/index.php?rest_route=\/wp\/v2\/types\/post"}],"author":[{"embeddable":true,"href":"https:\/\/zonaroja.com.mx\/index.php?rest_route=\/wp\/v2\/users\/2"}],"replies":[{"embeddable":true,"href":"https:\/\/zonaroja.com.mx\/index.php?rest_route=%2Fwp%2Fv2%2Fcomments&post=7695"}],"version-history":[{"count":1,"href":"https:\/\/zonaroja.com.mx\/index.php?rest_route=\/wp\/v2\/posts\/7695\/revisions"}],"predecessor-version":[{"id":7697,"href":"https:\/\/zonaroja.com.mx\/index.php?rest_route=\/wp\/v2\/posts\/7695\/revisions\/7697"}],"wp:featuredmedia":[{"embeddable":true,"href":"https:\/\/zonaroja.com.mx\/index.php?rest_route=\/wp\/v2\/media\/7696"}],"wp:attachment":[{"href":"https:\/\/zonaroja.com.mx\/index.php?rest_route=%2Fwp%2Fv2%2Fmedia&parent=7695"}],"wp:term":[{"taxonomy":"category","embeddable":true,"href":"https:\/\/zonaroja.com.mx\/index.php?rest_route=%2Fwp%2Fv2%2Fcategories&post=7695"},{"taxonomy":"post_tag","embeddable":true,"href":"https:\/\/zonaroja.com.mx\/index.php?rest_route=%2Fwp%2Fv2%2Ftags&post=7695"}],"curies":[{"name":"wp","href":"https:\/\/api.w.org\/{rel}","templated":true}]}}