{"id":76957,"date":"2025-01-28T13:18:00","date_gmt":"2025-01-28T19:18:00","guid":{"rendered":"https:\/\/zonaroja.com.mx\/?p=76957"},"modified":"2025-01-28T07:19:22","modified_gmt":"2025-01-28T13:19:22","slug":"invitan-a-participar-en-convocatoria-para-titularidad-de-unidad-de-genero-del-ieepco","status":"publish","type":"post","link":"https:\/\/zonaroja.com.mx\/?p=76957","title":{"rendered":"Invitan a participar en convocatoria para titularidad de Unidad de G\u00e9nero del IEEPCO"},"content":{"rendered":"\n<p>Redacci\u00f3n\/Zona Roja.<\/p>\n\n\n\n<p>Oaxaca de Ju\u00e1rez, Oax., a 28 de enero de 2025.- La Consejera Presidenta del Instituto Estatal Electoral y de Participaci\u00f3n Ciudadana de Oaxaca, Elizabeth S\u00e1nchez Gonz\u00e1lez, invit\u00f3 a las mujeres ind\u00edgenas y afromexicanas a participar en la convocatoria para designar a la titular de la Unidad T\u00e9cnica para la Igualdad de G\u00e9nero y No Discriminaci\u00f3n de este Instituto, aprobada el pasado 16 de enero por el Consejo General.&nbsp;<\/p>\n\n\n\n<p>En este sentido, S\u00e1nchez Gonz\u00e1lez indic\u00f3 que se trata de una acci\u00f3n afirmativa a favor de las poblaciones de mujeres ind\u00edgenas y afromexicanas de Oaxaca que responde a la deuda hist\u00f3rica que se tiene hacia ellas, adem\u00e1s que permite su contribuci\u00f3n al interior de las instituciones p\u00fablicas, particularmente en puestos de toma de decisiones.&nbsp;<\/p>\n\n\n\n<p>Recalc\u00f3 tambi\u00e9n que el registro de las aspirantes a dirigir esta Unidad, estar\u00e1 abierto hasta el viernes 14 de febrero de 2025 hasta las 15:00 horas, por lo que a\u00fan hay tiempo para las mujeres que cumplan con los requisitos de la convocatoria.&nbsp;<\/p>\n\n\n\n<p>As\u00ed mismo S\u00e1nchez Gonz\u00e1lez detall\u00f3 que despu\u00e9s de cumplir con las diferentes etapas de validaci\u00f3n de documentales, el lunes 24 de febrero se llevar\u00e1 a cabo la evaluaci\u00f3n de perfiles y la publicaci\u00f3n del nombre de la aspirante mejor evaluada y que ser\u00e1 propuesta por ella, en su calidad de Consejera Presidenta, al Pleno del Consejo General.<\/p>\n\n\n\n<p>Por \u00faltimo, explic\u00f3 que las etapas del proceso de selecci\u00f3n de las concursantes se desarrollar\u00e1n con la m\u00e1xima transparencia y apego a la legalidad, para garantizar que el perfil seleccionado sea el mejor calificado.<\/p>\n\n\n\n<p>Cabe se\u00f1alar que, la designaci\u00f3n ser\u00e1 deliberada en Sesi\u00f3n de Consejo General a m\u00e1s tardar el 7 de marzo de 2025, en v\u00edsperas del D\u00eda Internacional de la Mujer, una fecha simb\u00f3lica que refuerza el compromiso del Instituto con los derechos de las mujeres.<\/p>\n\n\n\n<p>La convocatoria, as\u00ed como la informaci\u00f3n necesaria para el registro, puede ser consultada en el link&nbsp;<\/p>\n\n\n\n<figure class=\"wp-block-embed\"><div class=\"wp-block-embed__wrapper\">\nhttps:\/\/www.ieepco.org.mx\/convocatoria-para-la-titular-de-la-unidad-tecnica-para-la-igualdad-de-genero-y-no-discriminacion-del-ieepco-2025\n<\/div><\/figure>\n","protected":false},"excerpt":{"rendered":"<p>Redacci\u00f3n\/Zona Roja. Oaxaca de Ju\u00e1rez, Oax., a 28 de enero de 2025.- La Consejera Presidenta&hellip;<\/p>\n","protected":false},"author":2,"featured_media":75997,"comment_status":"closed","ping_status":"open","sticky":false,"template":"","format":"standard","meta":{"_lmt_disableupdate":"","_lmt_disable":"","_jetpack_memberships_contains_paid_content":false,"footnotes":""},"categories":[109,46],"tags":[2932],"class_list":["post-76957","post","type-post","status-publish","format-standard","has-post-thumbnail","hentry","category-minuto-a-minuto","category-zona-blanca","tag-instituto-estatal-electoral-y-de-participacion-ciudadana-de-oaxaca-ieepco"],"jetpack_featured_media_url":"https:\/\/zonaroja.com.mx\/wp-content\/uploads\/2024\/12\/Elizabeth-Sanchez-IEEPCO.jpeg","jetpack_sharing_enabled":true,"_links":{"self":[{"href":"https:\/\/zonaroja.com.mx\/index.php?rest_route=\/wp\/v2\/posts\/76957","targetHints":{"allow":["GET"]}}],"collection":[{"href":"https:\/\/zonaroja.com.mx\/index.php?rest_route=\/wp\/v2\/posts"}],"about":[{"href":"https:\/\/zonaroja.com.mx\/index.php?rest_route=\/wp\/v2\/types\/post"}],"author":[{"embeddable":true,"href":"https:\/\/zonaroja.com.mx\/index.php?rest_route=\/wp\/v2\/users\/2"}],"replies":[{"embeddable":true,"href":"https:\/\/zonaroja.com.mx\/index.php?rest_route=%2Fwp%2Fv2%2Fcomments&post=76957"}],"version-history":[{"count":1,"href":"https:\/\/zonaroja.com.mx\/index.php?rest_route=\/wp\/v2\/posts\/76957\/revisions"}],"predecessor-version":[{"id":76958,"href":"https:\/\/zonaroja.com.mx\/index.php?rest_route=\/wp\/v2\/posts\/76957\/revisions\/76958"}],"wp:featuredmedia":[{"embeddable":true,"href":"https:\/\/zonaroja.com.mx\/index.php?rest_route=\/wp\/v2\/media\/75997"}],"wp:attachment":[{"href":"https:\/\/zonaroja.com.mx\/index.php?rest_route=%2Fwp%2Fv2%2Fmedia&parent=76957"}],"wp:term":[{"taxonomy":"category","embeddable":true,"href":"https:\/\/zonaroja.com.mx\/index.php?rest_route=%2Fwp%2Fv2%2Fcategories&post=76957"},{"taxonomy":"post_tag","embeddable":true,"href":"https:\/\/zonaroja.com.mx\/index.php?rest_route=%2Fwp%2Fv2%2Ftags&post=76957"}],"curies":[{"name":"wp","href":"https:\/\/api.w.org\/{rel}","templated":true}]}}