{"id":76963,"date":"2025-01-28T17:05:38","date_gmt":"2025-01-28T23:05:38","guid":{"rendered":"https:\/\/zonaroja.com.mx\/?p=76963"},"modified":"2025-01-28T17:05:38","modified_gmt":"2025-01-28T23:05:38","slug":"ejecutan-a-cuatro-policias-en-tuxtepec-edil-rechazo-apoyo-de-la-marina","status":"publish","type":"post","link":"https:\/\/zonaroja.com.mx\/?p=76963","title":{"rendered":"Ejecutan a cuatro polic\u00edas en Tuxtepec; edil rechaz\u00f3 apoyo de la Marina"},"content":{"rendered":"\n<p>Ismael Garc\u00eda M.\/Zona Roja.&nbsp;<\/p>\n\n\n\n<p>Oaxaca de Ju\u00e1rez, Oax., a 28 de enero de 2025.- Cuatro polic\u00edas municipales fueron asesinados a balazos y tres personas m\u00e1s resultaron lesionadas, a causa de un ataque armado registrado esta ma\u00f1ana en San Juan Bautista Tuxtepec, Oaxaca<\/p>\n\n\n\n<p>Los hechos ocurrieron alrededor de las 07:12 horas, en inmediaciones de la colonia, Las Limas, cerca de un plantel educativo, en que acribillaron a los ocupantes de la patrulla n\u00famero 069.&nbsp;<\/p>\n\n\n\n<p>De acuerdo con videos que se han difundido en las redes sociales, fueron varias ocasiones en que se escucharon detonaciones de armas de grueso calibre, por el supuesto enfrentamientos entre uniformados y un grupo del crimen organizado.&nbsp;<\/p>\n\n\n\n<p>En el lugar quedaron sin vida el subdirector de la corporaci\u00f3n, V\u00edctor &nbsp;V. M., as\u00ed como los polic\u00edas Emmanuel Q. L., Jonathan S. A., y Luis \u00c1ngel S. V.<\/p>\n\n\n\n<p>Asimismo, resultaron lesionado al polic\u00eda Misael A.L., as\u00ed como dos civiles que fueron trasladados a un hospital.<\/p>\n\n\n\n<p>La Fiscal\u00eda General del Estado de Oaxaca inici\u00f3 las investigaciones correspondientes tras recibir el reporte sobre la agresi\u00f3n en la que perdieron la vida cuatro elementos de la polic\u00eda municipal de Bautista Tuxtepec.<\/p>\n\n\n\n<p>En tanto que, a ra\u00edz de los primeros reportes emanados de la colaboraci\u00f3n interinstitucional de diferentes instancias gubernamentales, se tiene conocimiento que se tratar\u00eda de una agresi\u00f3n con disparos de arma de fuego.&nbsp;<\/p>\n\n\n\n<p>La Fiscal\u00eda de Oaxaca, a trav\u00e9s de la Vicefiscal\u00eda Regional de la Cuenca, moviliz\u00f3 un equipo multidisciplinario para realizar una investigaci\u00f3n integral que permita garantizar un adecuado proceso de procuraci\u00f3n de justicia a las v\u00edctimas directas e indirectas.<\/p>\n\n\n\n<p>El secretario de Seguridad y Protecci\u00f3n Ciudadana, Iv\u00e1n Garc\u00eda \u00c1lvarez, confirm\u00f3 los hechos e indic\u00f3 que el presidente municipal de Tuxtepec, Fernando Huerta Cerecedo, rechaz\u00f3 que la corporaci\u00f3n sea dirigida por un mando de la Secretar\u00eda de Marina.<\/p>\n\n\n\n<p>\u201cEl presidente dijo no al personal de la Marina, una que no le alcanzaba el presupuesto y dos, que se retiraran porque no eran de su agrado\u201d, expuso el funcionario en la conferencia de prensa del gobernador Salom\u00f3n Jara.&nbsp;<\/p>\n","protected":false},"excerpt":{"rendered":"<p>Ismael Garc\u00eda M.\/Zona Roja.&nbsp; Oaxaca de Ju\u00e1rez, Oax., a 28 de enero de 2025.- Cuatro&hellip;<\/p>\n","protected":false},"author":2,"featured_media":76962,"comment_status":"closed","ping_status":"open","sticky":false,"template":"","format":"standard","meta":{"_lmt_disableupdate":"","_lmt_disable":"","_jetpack_memberships_contains_paid_content":false,"footnotes":""},"categories":[109,51],"tags":[],"class_list":["post-76963","post","type-post","status-publish","format-standard","has-post-thumbnail","hentry","category-minuto-a-minuto","category-zona-roja"],"jetpack_featured_media_url":"https:\/\/zonaroja.com.mx\/wp-content\/uploads\/2025\/01\/7144ecf9-71f1-4a4e-9a79-7dcc0910162e-1.jpg","jetpack_sharing_enabled":true,"_links":{"self":[{"href":"https:\/\/zonaroja.com.mx\/index.php?rest_route=\/wp\/v2\/posts\/76963","targetHints":{"allow":["GET"]}}],"collection":[{"href":"https:\/\/zonaroja.com.mx\/index.php?rest_route=\/wp\/v2\/posts"}],"about":[{"href":"https:\/\/zonaroja.com.mx\/index.php?rest_route=\/wp\/v2\/types\/post"}],"author":[{"embeddable":true,"href":"https:\/\/zonaroja.com.mx\/index.php?rest_route=\/wp\/v2\/users\/2"}],"replies":[{"embeddable":true,"href":"https:\/\/zonaroja.com.mx\/index.php?rest_route=%2Fwp%2Fv2%2Fcomments&post=76963"}],"version-history":[{"count":1,"href":"https:\/\/zonaroja.com.mx\/index.php?rest_route=\/wp\/v2\/posts\/76963\/revisions"}],"predecessor-version":[{"id":76964,"href":"https:\/\/zonaroja.com.mx\/index.php?rest_route=\/wp\/v2\/posts\/76963\/revisions\/76964"}],"wp:featuredmedia":[{"embeddable":true,"href":"https:\/\/zonaroja.com.mx\/index.php?rest_route=\/wp\/v2\/media\/76962"}],"wp:attachment":[{"href":"https:\/\/zonaroja.com.mx\/index.php?rest_route=%2Fwp%2Fv2%2Fmedia&parent=76963"}],"wp:term":[{"taxonomy":"category","embeddable":true,"href":"https:\/\/zonaroja.com.mx\/index.php?rest_route=%2Fwp%2Fv2%2Fcategories&post=76963"},{"taxonomy":"post_tag","embeddable":true,"href":"https:\/\/zonaroja.com.mx\/index.php?rest_route=%2Fwp%2Fv2%2Ftags&post=76963"}],"curies":[{"name":"wp","href":"https:\/\/api.w.org\/{rel}","templated":true}]}}