{"id":76965,"date":"2025-01-28T19:14:27","date_gmt":"2025-01-29T01:14:27","guid":{"rendered":"https:\/\/zonaroja.com.mx\/?p=76965"},"modified":"2025-01-28T19:14:27","modified_gmt":"2025-01-29T01:14:27","slug":"opinion-talea-de-castro-500-anos-y-contando","status":"publish","type":"post","link":"https:\/\/zonaroja.com.mx\/?p=76965","title":{"rendered":"Opini\u00f3n. Talea de Castro: 500 a\u00f1os\u2026 y contando&nbsp;"},"content":{"rendered":"\n<p class=\"s3\">Isidoro Yescas*<\/p>\n\n\n\n<p class=\"s3\">Tres son los referentes bibliogr\u00e1ficos b\u00e1sicos,y hasta cierto punto indispensables,&nbsp;para&nbsp;conocer sobre&nbsp;la historia, cultura, tradiciones, patrimonio y conflictos por la tierra&nbsp;del &nbsp;pueblo serrano de&nbsp;Talea&nbsp;de Castro, Oaxaca,&nbsp;\u200bque este 2025 cumple&nbsp;nada menos que&nbsp;500 a\u00f1os:&nbsp;<\/p>\n\n\n\n<p class=\"s3\">\u201cIdeolog\u00eda&nbsp;arm\u00f3nica:&nbsp;Justicia y control de un pueblo de la monta\u00f1a zapoteca\u201d, de la antrop\u00f3loga norteamericana, Laura Nader;&nbsp;\u201cTalea, rinc\u00f3n de&nbsp;ensue\u00f1o\u201d,&nbsp;de Ra\u00fal Pe\u00f1a Garc\u00eda; y&nbsp;\u201cOrganizaci\u00f3n territorial en San&nbsp;Miguel&nbsp;Talea&nbsp;de Castro, Oaxaca\u201d, de&nbsp;Karla Alejandra Montes Ram\u00edrez.<\/p>\n\n\n\n<p class=\"s3\">El libro de Nader fue publicado en 1990 por la Stanford&nbsp;University&nbsp;Press&nbsp;y reeditado en 1998 bajo el sello editorial del CIESAS-IOC;&nbsp;el de Ra\u00fal Pe\u00f1a&nbsp;fue&nbsp;editado&nbsp;en el a\u00f1o 2011,&nbsp;y la obra de Montes Ram\u00edrez,&nbsp;que es su&nbsp;tesis&nbsp;de posgrado, fue&nbsp;presentado&nbsp;en el a\u00f1o 2019 en la UAM-Iztapalapa&nbsp;.<\/p>\n\n\n\n<p class=\"s3\">Sobre la fundaci\u00f3n de este pueblo zapoteca localizado en la&nbsp;subregi\u00f3n de El Rinc\u00f3n de&nbsp;la&nbsp;Sierra&nbsp;Norte del estado de Oaxaca, Laura Nader escribi\u00f3:&nbsp;<\/p>\n\n\n\n<p class=\"s3\">\u201cSan Miguel&nbsp;Talea&nbsp;de Castro se fund\u00f3 en 1525, cuando fray Bartolom\u00e9 de Olmedo y su grupo llegaron de la ciudad de M\u00e9xico a bautizar y predicar el cristianismo a los zapotecos del Rinc\u00f3n.&nbsp;<\/p>\n\n\n\n<p class=\"s3\">\u201cCuentan que en el a\u00f1o anterior los ancianos de varios pueblos del Rinc\u00f3n&nbsp;(Calpulalpan,&nbsp;Tepanzacualco, Tant\u00e9ese,&nbsp;Yaee, Juquila,&nbsp;Yatoni,&nbsp;Yoxobe) y los&nbsp;ancestos&nbsp;de los&nbsp;taleanosy&nbsp;villaltecanos&nbsp;fueron a la ciudad de M\u00e9xico a solicitar que el nuevo rey Cort\u00e9s enviara embajadores de la religi\u00f3n\u201c (p. 47).&nbsp;<\/p>\n\n\n\n<p class=\"s3\">Con reservas,&nbsp;Ra\u00fal Pe\u00f1a lo&nbsp;confirma&nbsp;al&nbsp;considerar que \u201cno somos tan antiguos\u201d&nbsp;si se toma en cuenta que \u201cla ca\u00edda de la Gran Tenochtitlan ocurri\u00f3 en 1521 y la toma de Oaxaca se dio en noviembre de 1525, no&nbsp;es razonable suponer que en ese a\u00f1o se haya fundado&nbsp;Talea&nbsp;porque primero se fund\u00f3 Villa Alta y esa fundaci\u00f3n se dice que fue en 1526\u2026\u201d&nbsp;(p.20).<\/p>\n\n\n\n<p class=\"s3\">Tercia en el debate Karla Alejandra Montes al se\u00f1alar en una nota de pie p\u00e1gina de su tesisque \u201cNader se equivoca al atribuir la fundaci\u00f3n del pueblo a Fray Bartolom\u00e9 de Olmedo en 1525 dado que la fundaci\u00f3n&nbsp;de Villa Alta, primer asentamiento espa\u00f1ol en la Sierra, est\u00e1 fechado en 1527 y el citado fraile muri\u00f3 en 1524\u201d&nbsp;(p.&nbsp;34).<\/p>\n\n\n\n<p class=\"s3\">Sin embargo, no es Nader la que se equivoca pues su fuente para se\u00f1alar como fecha de la fundaci\u00f3n de&nbsp;Talea&nbsp;el a\u00f1o de 1525&nbsp;es&nbsp;la\u201cMemoria y &nbsp;probanza &nbsp;de la fundaci\u00f3n del pueblo de&nbsp;Talea, hoy&nbsp;Villa de Castro, 1525\u201d,&nbsp;cuyo&nbsp;original obra en el archivo municipal de la comunidad.<\/p>\n\n\n\n<p class=\"s3\">Y,&nbsp;tal vez sin&nbsp;propon\u00e9rselo, Karla Alejandra Montes aporta elementos que aclaran algo fundamental: si la fecha exacta de la fundaci\u00f3n de&nbsp;Talea&nbsp;pudiera estar en duda, lo que parecer\u00eda indiscutible es que se fund\u00f3 en la primera mitad del siglo XVI,&nbsp;&nbsp;como se demuestra&nbsp;con las cifras que publica&nbsp;(basada en fuentes de primera mano consultadas en el AGN, vgr)&nbsp;sobre el n\u00famero de sus habitantes entre 1548 y 1789: 307 en 1548; 100 en 1622; 350 en 1703 y 590 en 1789.<\/p>\n\n\n\n<p class=\"s3\">Bueno,&nbsp;pues&nbsp;viene&nbsp;a cuento&nbsp;toda&nbsp;esta controversia en torno a la fundaci\u00f3n de&nbsp;Talea&nbsp;de Castro porque me parece que&nbsp;el solo hecho que en la probanza ya citada se establezca &nbsp;como fecha de su fundaci\u00f3n el a\u00f1o de 1525 se constituye en una gran oportunidad para&nbsp;promover &nbsp;algunas actividades culturales y sociales para conmemorar tan singular acontecimiento.<\/p>\n\n\n\n<p class=\"s3\">Profundizar en&nbsp;el conocimiento del&nbsp;pasado y presente&nbsp;de nuestra tierra&nbsp;es tarea indispensable,&nbsp;pero tambi\u00e9n para recrear el presente y apuntalar temas de inter\u00e9s general que contribuyan a darle mayor cohesi\u00f3n a&nbsp;su&nbsp;vida comunitaria.&nbsp;<\/p>\n\n\n\n<p class=\"s3\">*Maestro en Sociolog\u00eda.<\/p>\n\n\n\n<p class=\"s3\">@YescasIsidoro<\/p>\n\n\n\n<p class=\"s3\"><a href=\"mailto:Isidoro.yescas@gmail.com\">Isidoro.yescas@gmail.com<\/a><\/p>\n","protected":false},"excerpt":{"rendered":"<p>Isidoro Yescas* Tres son los referentes bibliogr\u00e1ficos b\u00e1sicos,y hasta cierto punto indispensables,&nbsp;para&nbsp;conocer sobre&nbsp;la historia, cultura,&hellip;<\/p>\n","protected":false},"author":2,"featured_media":71623,"comment_status":"closed","ping_status":"open","sticky":false,"template":"","format":"standard","meta":{"_lmt_disableupdate":"","_lmt_disable":"","_jetpack_memberships_contains_paid_content":false,"footnotes":""},"categories":[456,109],"tags":[],"class_list":["post-76965","post","type-post","status-publish","format-standard","has-post-thumbnail","hentry","category-columna","category-minuto-a-minuto"],"jetpack_featured_media_url":"https:\/\/zonaroja.com.mx\/wp-content\/uploads\/2024\/08\/Opinion.-Isidoro-Yescas.jpg","jetpack_sharing_enabled":true,"_links":{"self":[{"href":"https:\/\/zonaroja.com.mx\/index.php?rest_route=\/wp\/v2\/posts\/76965","targetHints":{"allow":["GET"]}}],"collection":[{"href":"https:\/\/zonaroja.com.mx\/index.php?rest_route=\/wp\/v2\/posts"}],"about":[{"href":"https:\/\/zonaroja.com.mx\/index.php?rest_route=\/wp\/v2\/types\/post"}],"author":[{"embeddable":true,"href":"https:\/\/zonaroja.com.mx\/index.php?rest_route=\/wp\/v2\/users\/2"}],"replies":[{"embeddable":true,"href":"https:\/\/zonaroja.com.mx\/index.php?rest_route=%2Fwp%2Fv2%2Fcomments&post=76965"}],"version-history":[{"count":1,"href":"https:\/\/zonaroja.com.mx\/index.php?rest_route=\/wp\/v2\/posts\/76965\/revisions"}],"predecessor-version":[{"id":76966,"href":"https:\/\/zonaroja.com.mx\/index.php?rest_route=\/wp\/v2\/posts\/76965\/revisions\/76966"}],"wp:featuredmedia":[{"embeddable":true,"href":"https:\/\/zonaroja.com.mx\/index.php?rest_route=\/wp\/v2\/media\/71623"}],"wp:attachment":[{"href":"https:\/\/zonaroja.com.mx\/index.php?rest_route=%2Fwp%2Fv2%2Fmedia&parent=76965"}],"wp:term":[{"taxonomy":"category","embeddable":true,"href":"https:\/\/zonaroja.com.mx\/index.php?rest_route=%2Fwp%2Fv2%2Fcategories&post=76965"},{"taxonomy":"post_tag","embeddable":true,"href":"https:\/\/zonaroja.com.mx\/index.php?rest_route=%2Fwp%2Fv2%2Ftags&post=76965"}],"curies":[{"name":"wp","href":"https:\/\/api.w.org\/{rel}","templated":true}]}}