{"id":76975,"date":"2025-01-29T07:30:00","date_gmt":"2025-01-29T13:30:00","guid":{"rendered":"https:\/\/zonaroja.com.mx\/?p=76975"},"modified":"2025-01-29T07:31:35","modified_gmt":"2025-01-29T13:31:35","slug":"encarcelan-a-una-mujer-de-juchitan-por-secuestrar-a-dos-migrantes","status":"publish","type":"post","link":"https:\/\/zonaroja.com.mx\/?p=76975","title":{"rendered":"Encarcelan a una mujer de Juchit\u00e1n por secuestrar a dos migrantes"},"content":{"rendered":"\n<p>Redacci\u00f3n\/Zona Roja.<\/p>\n\n\n\n<p>Oaxaca de Ju\u00e1rez, Oax., a 29 de diciembre de 2025.- Fiscal\u00eda General del Estado de Oaxaca (FGEO) obtuvo auto de vinculaci\u00f3n a proceso y prisi\u00f3n en contra de una mujer identificada como N. M. M. C., por el delito de secuestro agravado, al privar de la libertad a dos personas de nacionalidad cubana, en la regi\u00f3n del Istmo de Tehuantepec.<\/p>\n\n\n\n<p>De acuerdo con el expediente penal del caso, entre el 15 y 16 de noviembre de 2024, las v\u00edctimas de iniciales Y.R.B., y Y.C.F., fueron privadas de su libertad cuando se encontraban en la poblaci\u00f3n de La Ventosa, y llevadas posteriormente a un domicilio particular ubicado en Juchit\u00e1n de Zaragoza donde las mantuvieron en cautiverio.<\/p>\n\n\n\n<p>La investigaci\u00f3n revela que, la imputada junto con otras personas manten\u00edan privadas de su libertad a las v\u00edctimas por no pagar la cuota o derecho piso que les hab\u00edan solicitado.<\/p>\n\n\n\n<p>Ante estos hechos, la FGEO inici\u00f3 las investigaciones ministeriales correspondientes a trav\u00e9s de la Vicefiscal\u00eda Regional del Istmo logrando obtener una orden de aprehensi\u00f3n en contra de N.M.M.C, para posteriormente lograr su captura y con ello, ponerla a disposici\u00f3n de la autoridad competente.<\/p>\n\n\n\n<p>Tras la valoraci\u00f3n de pruebas aportadas por la FGEO, el Juez que atiende la causa dict\u00f3 auto de vinculaci\u00f3n a proceso en contra de N.M.M.C., por el delito de secuestro agravado, adem\u00e1s de imponerle la medida cautelar de prisi\u00f3n preventiva oficiosa y definitiva.<\/p>\n\n\n\n<p>Los trabajos de combate al secuestro que realiza la Fiscal\u00eda de Oaxaca se efect\u00faan en estricto apego a los protocolos de actuaci\u00f3n en la materia para dar certeza a las v\u00edctimas directas e indirectas, para que tengan pleno acceso a la justicia.<\/p>\n\n\n\n<p>Las labores de inteligencia que realiza la Fiscal\u00eda de Oaxaca para dar mayor certeza a las investigaciones ministeriales por diversos delitos, permiten fortalecer la estrategia estatal de seguridad p\u00fablica y procuraci\u00f3n de justicia a favor de la ciudadan\u00eda en las diferentes regiones de la entidad.<\/p>\n","protected":false},"excerpt":{"rendered":"<p>Redacci\u00f3n\/Zona Roja. Oaxaca de Ju\u00e1rez, Oax., a 29 de diciembre de 2025.- Fiscal\u00eda General del&hellip;<\/p>\n","protected":false},"author":2,"featured_media":76976,"comment_status":"closed","ping_status":"open","sticky":false,"template":"","format":"standard","meta":{"_lmt_disableupdate":"","_lmt_disable":"","_jetpack_memberships_contains_paid_content":false,"footnotes":""},"categories":[109,46],"tags":[494],"class_list":["post-76975","post","type-post","status-publish","format-standard","has-post-thumbnail","hentry","category-minuto-a-minuto","category-zona-blanca","tag-fiscalia-general-del-estado-de-oaxaca"],"jetpack_featured_media_url":"https:\/\/zonaroja.com.mx\/wp-content\/uploads\/2025\/01\/Mujer-detenida-en-Juchitan-por-secuestrar-a-migrantes.jpg","jetpack_sharing_enabled":true,"_links":{"self":[{"href":"https:\/\/zonaroja.com.mx\/index.php?rest_route=\/wp\/v2\/posts\/76975","targetHints":{"allow":["GET"]}}],"collection":[{"href":"https:\/\/zonaroja.com.mx\/index.php?rest_route=\/wp\/v2\/posts"}],"about":[{"href":"https:\/\/zonaroja.com.mx\/index.php?rest_route=\/wp\/v2\/types\/post"}],"author":[{"embeddable":true,"href":"https:\/\/zonaroja.com.mx\/index.php?rest_route=\/wp\/v2\/users\/2"}],"replies":[{"embeddable":true,"href":"https:\/\/zonaroja.com.mx\/index.php?rest_route=%2Fwp%2Fv2%2Fcomments&post=76975"}],"version-history":[{"count":1,"href":"https:\/\/zonaroja.com.mx\/index.php?rest_route=\/wp\/v2\/posts\/76975\/revisions"}],"predecessor-version":[{"id":76977,"href":"https:\/\/zonaroja.com.mx\/index.php?rest_route=\/wp\/v2\/posts\/76975\/revisions\/76977"}],"wp:featuredmedia":[{"embeddable":true,"href":"https:\/\/zonaroja.com.mx\/index.php?rest_route=\/wp\/v2\/media\/76976"}],"wp:attachment":[{"href":"https:\/\/zonaroja.com.mx\/index.php?rest_route=%2Fwp%2Fv2%2Fmedia&parent=76975"}],"wp:term":[{"taxonomy":"category","embeddable":true,"href":"https:\/\/zonaroja.com.mx\/index.php?rest_route=%2Fwp%2Fv2%2Fcategories&post=76975"},{"taxonomy":"post_tag","embeddable":true,"href":"https:\/\/zonaroja.com.mx\/index.php?rest_route=%2Fwp%2Fv2%2Ftags&post=76975"}],"curies":[{"name":"wp","href":"https:\/\/api.w.org\/{rel}","templated":true}]}}