{"id":76978,"date":"2025-01-29T08:15:00","date_gmt":"2025-01-29T14:15:00","guid":{"rendered":"https:\/\/zonaroja.com.mx\/?p=76978"},"modified":"2025-01-29T07:08:47","modified_gmt":"2025-01-29T13:08:47","slug":"promete-gobierno-incrementar-abasto-de-medicamentos-y-fortalecer-clinicas","status":"publish","type":"post","link":"https:\/\/zonaroja.com.mx\/?p=76978","title":{"rendered":"Promete gobierno incrementar abasto de medicamentos y fortalecer cl\u00ednicas"},"content":{"rendered":"\n<p>Redacci\u00f3n\/Zona Roja.&nbsp;<\/p>\n\n\n\n<p>Oaxaca de Ju\u00e1rez, Oax., a 29 de enero de 2025.- En conferencia de prensa, el gobernador Salom\u00f3n Jara Cruz present\u00f3 los avances y acuerdos en materia de salud, generados en el marco de la visita a la entidad de la Presidenta de M\u00e9xico, Claudia Sheinbaum Pardo, con el fin de fortalecer y consolidar los servicios del IMSS-Bienestar para garantizar el derecho a la salud de la poblaci\u00f3n oaxaque\u00f1a.<\/p>\n\n\n\n<p>Anunci\u00f3 que, a mediados de este 2025, el gobierno federal comenzar\u00e1 a construir Farmacias Bienestar en Oaxaca, que entregar\u00e1n medicamentos de manera gratuita a quien lo requiera.<\/p>\n\n\n\n<p>Por parte, se abrir\u00e1n dos nuevas sedes de Farmacias Bienestar en Putla Villa de Guerrero y Santiago Juxtlahuaca. En estas instalaciones se brindan servicios gratuitos de oftalmolog\u00eda, laboratorio, consulta m\u00e9dica, as\u00ed como medicamentos para las familias inscritas.<\/p>\n\n\n\n<p>Jara Cruz dio a conocer que a partir de marzo se regularizar\u00e1 la entrega de medicamentos en todos los centros y hospitales. Cabe destacar que con el programa IMSS-Bienestar se mejorar\u00e1n las instalaciones y el equipamiento de los nosocomios, as\u00ed tambi\u00e9n se contratar\u00e1 a m\u00e1s personal m\u00e9dico.<\/p>\n\n\n\n<p>Tambi\u00e9n inform\u00f3 sobre las supervisiones a la Unidad de Salud IMSS-Bienestar de San Pablo Villa de Mitla, obra en abandono durante m\u00e1s de una d\u00e9cada y que muy pronto ser\u00e1 inaugurada por la Presidenta de M\u00e9xico.<\/p>\n\n\n\n<p>Y al Centro de Salud de 6 N\u00facleos B\u00e1sicos de Puerto Escondido, el cual ser\u00e1 gestionado para cambiar su tipolog\u00eda como Centro de Salud de Servicios Ampliados (CESSA), a fin de ampliar la atenci\u00f3n con especialidades troncales y quir\u00f3fano para cirug\u00edas menores y partos.<\/p>\n\n\n\n<p>Como parte del programa federal Salud Casa por Casa, a partir de febrero, personal de enfermer\u00eda y medicina general visitar\u00e1n los hogares de las y los adultos mayores. Aunado a ello, con La Cl\u00ednica es Nuestra, las comunidades recibir\u00e1n nuevamente recursos directos para mejorar sus centros de salud.<\/p>\n\n\n\n<p>\u201cTodos estos avances representan un paso adelante en la consolidaci\u00f3n del nuevo modelo de salud IMSS BIENESTAR y vienen a complementar otras acciones muy relevantes, tales como la designaci\u00f3n del nuevo cuerpo de gobierno del Hospital General \u2018Dr. Aurelio Valdivieso\u2019\u201d, dijo, al tiempo que destac\u00f3 que este nosocomio tendr\u00e1 una administraci\u00f3n eficiente y a la altura de los resultados que la sociedad demanda.<\/p>\n\n\n\n<p>GARANTIZAN ABASTO<\/p>\n\n\n\n<p>Por otra parte, la dependencia Servicios de Salud de Oaxaca (SSO) inform\u00f3 que las claves licitadas de medicamentos estar\u00e1n aseguradas para finales de febrero a trav\u00e9s de IMSS-Bienestar, con lo que se garantiza la cobertura que permite brindar un servicio de calidad a la poblaci\u00f3n.<\/p>\n\n\n\n<p>Destac\u00f3 que actualmente se cuenta con un abasto del 90 por ciento de medicamentos oncol\u00f3gicos, y se trabaja en los procesos para reforzar las \u00e1reas operativas y administrativas de la red m\u00e9dica, asegurando la oportuna gesti\u00f3n de solicitudes aut\u00e9nticas de insumos en salud.<\/p>\n\n\n\n<p>Enfatiz\u00f3 que las medicinas son un indicador clave del bienestar en salud, y por ello, se han elaborado listados reales de las necesidades de cada unidad m\u00e9dica en las seis Jurisdicciones Sanitarias. Este esfuerzo busca alcanzar niveles \u00f3ptimos de abasto y satisfacer los requerimientos de atenci\u00f3n<\/p>\n\n\n\n<p>Explic\u00f3 que en administraciones pasadas las compras de medicamentos se realizaban anualmente y de forma arbitraria, adquiriendo insumos de poca demanda. Al inicio de la actual administraci\u00f3n, se detectaron 18 millones de piezas de f\u00e1rmacos en los almacenes de SSO, muchos de ellos de escaso o nulo movimiento para las necesidades reales de la entidad.<\/p>\n\n\n\n<figure class=\"wp-block-embed is-type-rich is-provider-twitter wp-block-embed-twitter\"><div class=\"wp-block-embed__wrapper\">\n<div class=\"twitter-tweet\"><blockquote class=\"twitter-tweet\" data-lang=\"es\"><p lang=\"es\" dir=\"ltr\">En su conferencia de prensa de este martes, el mandatario <a href=\"https:\/\/twitter.com\/salomonj?ref_src=twsrc%5Etfw\">@salomonj<\/a> anunci\u00f3 la conclusi\u00f3n de diversas obras en materia de salud, as\u00ed como el equipamiento y dotaci\u00f3n de medicamentos a centros de salud y hospitales. <a href=\"https:\/\/t.co\/1VnHYjW32z\">pic.twitter.com\/1VnHYjW32z<\/a><\/p>&mdash; Zona Roja Oaxaca (@ZonaRoja_Oaxaca) <a href=\"https:\/\/twitter.com\/ZonaRoja_Oaxaca\/status\/1884444076843622893?ref_src=twsrc%5Etfw\">29 de enero de 2025<\/a><\/blockquote><\/div>\n<\/div><\/figure>\n","protected":false},"excerpt":{"rendered":"<p>Redacci\u00f3n\/Zona Roja.&nbsp; Oaxaca de Ju\u00e1rez, Oax., a 29 de enero de 2025.- En conferencia de&hellip;<\/p>\n","protected":false},"author":2,"featured_media":76979,"comment_status":"closed","ping_status":"open","sticky":false,"template":"","format":"standard","meta":{"_lmt_disableupdate":"","_lmt_disable":"","_jetpack_memberships_contains_paid_content":false,"footnotes":""},"categories":[109,46],"tags":[939],"class_list":["post-76978","post","type-post","status-publish","format-standard","has-post-thumbnail","hentry","category-minuto-a-minuto","category-zona-blanca","tag-salomon-jara-cruz"],"jetpack_featured_media_url":"https:\/\/zonaroja.com.mx\/wp-content\/uploads\/2025\/01\/Garantizan-en-Oaxaca-abasto-de-medicamentos.jpeg","jetpack_sharing_enabled":true,"_links":{"self":[{"href":"https:\/\/zonaroja.com.mx\/index.php?rest_route=\/wp\/v2\/posts\/76978","targetHints":{"allow":["GET"]}}],"collection":[{"href":"https:\/\/zonaroja.com.mx\/index.php?rest_route=\/wp\/v2\/posts"}],"about":[{"href":"https:\/\/zonaroja.com.mx\/index.php?rest_route=\/wp\/v2\/types\/post"}],"author":[{"embeddable":true,"href":"https:\/\/zonaroja.com.mx\/index.php?rest_route=\/wp\/v2\/users\/2"}],"replies":[{"embeddable":true,"href":"https:\/\/zonaroja.com.mx\/index.php?rest_route=%2Fwp%2Fv2%2Fcomments&post=76978"}],"version-history":[{"count":1,"href":"https:\/\/zonaroja.com.mx\/index.php?rest_route=\/wp\/v2\/posts\/76978\/revisions"}],"predecessor-version":[{"id":76980,"href":"https:\/\/zonaroja.com.mx\/index.php?rest_route=\/wp\/v2\/posts\/76978\/revisions\/76980"}],"wp:featuredmedia":[{"embeddable":true,"href":"https:\/\/zonaroja.com.mx\/index.php?rest_route=\/wp\/v2\/media\/76979"}],"wp:attachment":[{"href":"https:\/\/zonaroja.com.mx\/index.php?rest_route=%2Fwp%2Fv2%2Fmedia&parent=76978"}],"wp:term":[{"taxonomy":"category","embeddable":true,"href":"https:\/\/zonaroja.com.mx\/index.php?rest_route=%2Fwp%2Fv2%2Fcategories&post=76978"},{"taxonomy":"post_tag","embeddable":true,"href":"https:\/\/zonaroja.com.mx\/index.php?rest_route=%2Fwp%2Fv2%2Ftags&post=76978"}],"curies":[{"name":"wp","href":"https:\/\/api.w.org\/{rel}","templated":true}]}}