{"id":7698,"date":"2020-01-15T08:53:48","date_gmt":"2020-01-15T14:53:48","guid":{"rendered":"http:\/\/www.zonaroja.com.mx\/?p=7698"},"modified":"2020-01-15T08:53:53","modified_gmt":"2020-01-15T14:53:53","slug":"promesas-incumplidas-del-gobierno-de-oaxaca-mas-de-900-dias-y-el-agua-no-llega-a-ayutla","status":"publish","type":"post","link":"https:\/\/zonaroja.com.mx\/?p=7698","title":{"rendered":"Promesas incumplidas del gobierno de Oaxaca, m\u00e1s de 900 d\u00edas y el agua no llega a Ayutla"},"content":{"rendered":"\n<p>Evlin\nArag\u00f3n\/Zona Roja.<\/p>\n\n\n\n<p>Oaxaca de\nJu\u00e1rez, Oax., 15 de enero de 2020.- \u201cOye @alejandromurat \u00bfpara cu\u00e1ndo se\ngarantiza el agua potable en Ayutla Mixe? Son dos a\u00f1os y medio en los que hemos\nhecho de todo para tener agua que pues no es potable. Te acuerdas que dijiste\nque en dos d\u00edas el pasado agosto?\u201d cita el primer tuit de la escritora,\nling\u00fcista y activista Y\u00e1snaya Aguilar Gil.<\/p>\n\n\n\n<p>La\npublicaci\u00f3n fue compartida en m\u00e1s de 200 ocasiones y tuvo 443 reacciones m\u00e1s de\npersonas que unieron al reclamo de \u201cagua para Ayutla\u201d, de ah\u00ed siguieron una\nserie de mensajes que cuestionaron la falta de actual del mandatario estatal,\npese a las promesas hechas a la poblaci\u00f3n.<\/p>\n\n\n\n<p>De acuerdo\ncon la tambi\u00e9n originaria de San Pedro y San Pablo Ayutla, fue el 5 de agosto\nde 2017 cuando personas armadas asesinaron a Luis Juan Guadalupe, hirieron a nueve\npersonas entre ellas a su t\u00eda de la tercera edad, secuestraron a cuatro mujeres\ny las violentaron de maneras terribles.<\/p>\n\n\n\n<p>No conforme\ncon ello, dinamitaron todo el sistema de agua potable, ocasionando que desde\nese momento la comunidad se quedara sin el vital l\u00edquido e iniciara una lucha\nen defensa de su derecho al agua potable, el cual pese a las constantes\ndemandas \u2013incluso internacionales- no ha sido garantizado por el gobierno de\nOaxaca.<\/p>\n\n\n\n<p>La\nreconocida ling\u00fcista critic\u00f3 que la problem\u00e1tica sea descrita por las\nautoridades como un conflicto agrario entre Ayutla y Tamazul\u00e1pam del Esp\u00edritu\nSanto, cuando existe de fondo permisividad y protecci\u00f3n de grupos armados en la\nzona, de los cuales incluso ha dado fe la Secretaria de la Defensa Nacional y\nla Fiscal\u00eda General de Justicia del Oaxaca.<\/p>\n\n\n\n<p>\u201cUna y otra\nvez funcionarios del gobierno estatal han dicho que ya se garantizar\u00e1 agua para\nAyutla pero pues al parecer no pueden, \u00bfa qui\u00e9nes encubren? Nos cansamos de\nescuchar\u201d, refiere a la par que detall\u00f3 son m\u00e1s de 950 d\u00edas sin acceso al agua\npotable de su manantial comunitario.<\/p>\n\n\n\n<p>De igual\nforma Aguilar Gil denunci\u00f3 que cuando han encabezado las protestas y exigencias\nhacia las autoridades, periodistas afines a la administraci\u00f3n actual han\ninventado que la activista tiene una empresa de pipas, que la manejan algunos\npol\u00edticos opositores y que incluso est\u00e1 ligada a la teolog\u00eda de la liberaci\u00f3n a\nfin de desacreditar su dicho y cuidar la imagen del mandatario estatal, que es\nlo \u00fanico importante.<\/p>\n\n\n\n<p>Pese a lo\nanterior asegur\u00f3 que seguir\u00e1 haciendo evidente la situaci\u00f3n hasta que sea\natendida de forma puntual y responsable por parte de las autoridades en\nbenefici\u00f3 de toda la poblaci\u00f3n de San Pedro y San Pablo Ayutla.<\/p>\n\n\n\n<p>Agua para\nAyutla ha sido la demanda de la poblaci\u00f3n desde hace m\u00e1s de dos a\u00f1os, ni\u00f1as y\nni\u00f1os y j\u00f3venes se han pronunciado al interior de sus escuelas, mujeres y\nhombres lo han hechos en conferencias de prensa, reuniones con autoridades,\ninterceptando al mandatario federal en su gira e incluso la han llevado ante\nlas Naciones Unidas, sin \u00e9xito.&nbsp; &nbsp;&nbsp;<\/p>\n\n\n\n<p>Este lunes\nen la capital de Oaxaca, la demanda se hizo presente de cara al gobernador\nAlejandro Murat Hinojosa, durante un foro del agua en el Centro Cultural y de\nConvenciones de Oaxaca (CCCO), donde se desprendi\u00f3 la cartulina con la leyenda\n\u201c\u00a1Agua para Ayutla!\u201d sostenida por mujeres de pie en medio de una multitud\nreunida.<\/p>\n","protected":false},"excerpt":{"rendered":"<p>Evlin Arag\u00f3n\/Zona Roja. Oaxaca de Ju\u00e1rez, Oax., 15 de enero de 2020.- \u201cOye @alejandromurat \u00bfpara&hellip;<\/p>\n","protected":false},"author":2,"featured_media":2705,"comment_status":"closed","ping_status":"open","sticky":false,"template":"","format":"standard","meta":{"_lmt_disableupdate":"","_lmt_disable":"","_jetpack_memberships_contains_paid_content":false,"footnotes":""},"categories":[109,47],"tags":[501],"class_list":["post-7698","post","type-post","status-publish","format-standard","has-post-thumbnail","hentry","category-minuto-a-minuto","category-zona-gris","tag-san-pedro-y-san-pablo-ayutla-mixe"],"jetpack_featured_media_url":"https:\/\/zonaroja.com.mx\/wp-content\/uploads\/2019\/08\/Ayutla-Mixe-3.jpg","jetpack_sharing_enabled":true,"_links":{"self":[{"href":"https:\/\/zonaroja.com.mx\/index.php?rest_route=\/wp\/v2\/posts\/7698","targetHints":{"allow":["GET"]}}],"collection":[{"href":"https:\/\/zonaroja.com.mx\/index.php?rest_route=\/wp\/v2\/posts"}],"about":[{"href":"https:\/\/zonaroja.com.mx\/index.php?rest_route=\/wp\/v2\/types\/post"}],"author":[{"embeddable":true,"href":"https:\/\/zonaroja.com.mx\/index.php?rest_route=\/wp\/v2\/users\/2"}],"replies":[{"embeddable":true,"href":"https:\/\/zonaroja.com.mx\/index.php?rest_route=%2Fwp%2Fv2%2Fcomments&post=7698"}],"version-history":[{"count":1,"href":"https:\/\/zonaroja.com.mx\/index.php?rest_route=\/wp\/v2\/posts\/7698\/revisions"}],"predecessor-version":[{"id":7699,"href":"https:\/\/zonaroja.com.mx\/index.php?rest_route=\/wp\/v2\/posts\/7698\/revisions\/7699"}],"wp:featuredmedia":[{"embeddable":true,"href":"https:\/\/zonaroja.com.mx\/index.php?rest_route=\/wp\/v2\/media\/2705"}],"wp:attachment":[{"href":"https:\/\/zonaroja.com.mx\/index.php?rest_route=%2Fwp%2Fv2%2Fmedia&parent=7698"}],"wp:term":[{"taxonomy":"category","embeddable":true,"href":"https:\/\/zonaroja.com.mx\/index.php?rest_route=%2Fwp%2Fv2%2Fcategories&post=7698"},{"taxonomy":"post_tag","embeddable":true,"href":"https:\/\/zonaroja.com.mx\/index.php?rest_route=%2Fwp%2Fv2%2Ftags&post=7698"}],"curies":[{"name":"wp","href":"https:\/\/api.w.org\/{rel}","templated":true}]}}