{"id":76982,"date":"2025-01-29T09:02:00","date_gmt":"2025-01-29T15:02:00","guid":{"rendered":"https:\/\/zonaroja.com.mx\/?p=76982"},"modified":"2025-01-29T08:09:14","modified_gmt":"2025-01-29T14:09:14","slug":"asesinato-de-4-policias-no-nos-va-a-quitar-el-sueno-edil-de-tuxtepec","status":"publish","type":"post","link":"https:\/\/zonaroja.com.mx\/?p=76982","title":{"rendered":"Asesinato de 4 polic\u00edas \u201cno nos va a quitar el sue\u00f1o\u201d: edil de Tuxtepec"},"content":{"rendered":"\n<p>Ismael Garc\u00eda M.\/Zona Roja.<\/p>\n\n\n\n<p>Oaxaca de Ju\u00e1rez, Oax., a 29 de enero de 2025.- Tras el asesinato de cuatro polic\u00edas y cuatro personas m\u00e1s lesionadas, entre ellas un uniformado, el presidente municipal de San Juan Bautista Tuxtepec, declar\u00f3 que ese hecho \u201cno nos va a quitar el sue\u00f1o\u201d.<\/p>\n\n\n\n<p>Y tras su decisi\u00f3n de no permitir un mando de la Secretar\u00eda de Marina en la polic\u00eda municipal, recul\u00f3 y dijo que habr\u00e1 coordinaci\u00f3n con los tres niveles de gobierno para garantizar la seguridad.<\/p>\n\n\n\n<p>\u201cQue no nos va a quitar el sue\u00f1o este suceso, que vamos a redoblar esfuerzos, como ya lo hemos estado haciendo, y ustedes lo saben, con el gobierno del estado, con el gobierno federal, a trav\u00e9s de la BOM, que en estos recorridos que hemos hecho han hecho operativos la Guardia Nacional, la Sedena, la Polic\u00eda del Estado y la polic\u00eda municipal\u201d, dijo en conferencia de prensa de ayer, en que no permiti\u00f3 preguntas a los reporteros.<\/p>\n\n\n\n<p>EMPRESA PRIVADA<\/p>\n\n\n\n<p>Previo a ello, se difundi\u00f3 en las redes sociales un video en que, al lado de su esposa, reconoce que prescindi\u00f3 de los servicios de la Secretar\u00eda de la Marina porque le costaba mucho dinero.<\/p>\n\n\n\n<p>\u201cEfectivamente a nosotros nos costaba m\u00e1s de medio mill\u00f3n de pesos tener a la Guardia Nacional, perd\u00f3n, la Marina, eso es lo que se gastaba mensual, mensual, mensual, por eso no adquir\u00edan nada para temas de seguridad p\u00fablica.<\/p>\n\n\n\n<p>\u201cEntonces lo que hicimos con ese recurso que se estaba gastando fue contratar a una empresa que se encarga de cambiar llantas, aceites, seguro de las patrullas, garant\u00edas\u2026 sale mucho m\u00e1s barato\u201d, dijo el edil, con apenas un mes en el cargo.<\/p>\n\n\n\n<p>\u201cLo que hacen estas empresas es ayudar a que los municipios puedan tener r\u00e1pido este tipo de cosas y encargarse de todos los gastos, porque ya era un gasto\u201d, expuso.<\/p>\n\n\n\n<p>Su esposa Ana Gabriela Delgado \u2014a quien se\u00f1alan de gobernar y dar \u00f3rdenes en el ayuntamiento junto con el edil\u2014 abund\u00f3: \u201cs\u00f3lo para que quede claro, ese medio mill\u00f3n se lo gastaban en la Marina; no quiere decir que eso cuesta la renta de una patrulla\u201d, dijo.<\/p>\n\n\n\n<p>Ambos detallaron la adquisici\u00f3n de 10 patrullas y cuatro motocicletas mediante una empresa privada.<\/p>\n\n\n\n<p>El asesinato de cuatro polic\u00edas municipales ocurri\u00f3 ayer a las 07:12 horas en inmediaciones del Ejido Las Limas, presuntamente a causa de un enfrentamiento con un grupo del crimen organizado.<\/p>\n","protected":false},"excerpt":{"rendered":"<p>Ismael Garc\u00eda M.\/Zona Roja. Oaxaca de Ju\u00e1rez, Oax., a 29 de enero de 2025.- Tras&hellip;<\/p>\n","protected":false},"author":2,"featured_media":76983,"comment_status":"closed","ping_status":"open","sticky":false,"template":"","format":"standard","meta":{"_lmt_disableupdate":"","_lmt_disable":"","_jetpack_memberships_contains_paid_content":false,"footnotes":""},"categories":[109,47],"tags":[4181,118],"class_list":["post-76982","post","type-post","status-publish","format-standard","has-post-thumbnail","hentry","category-minuto-a-minuto","category-zona-gris","tag-fernando-huerta-cerecedo","tag-san-juan-bautista-tuxtepec"],"jetpack_featured_media_url":"https:\/\/zonaroja.com.mx\/wp-content\/uploads\/2025\/01\/Fernando-Huerta-cerecedo-Tuxtepec.jpg","jetpack_sharing_enabled":true,"_links":{"self":[{"href":"https:\/\/zonaroja.com.mx\/index.php?rest_route=\/wp\/v2\/posts\/76982","targetHints":{"allow":["GET"]}}],"collection":[{"href":"https:\/\/zonaroja.com.mx\/index.php?rest_route=\/wp\/v2\/posts"}],"about":[{"href":"https:\/\/zonaroja.com.mx\/index.php?rest_route=\/wp\/v2\/types\/post"}],"author":[{"embeddable":true,"href":"https:\/\/zonaroja.com.mx\/index.php?rest_route=\/wp\/v2\/users\/2"}],"replies":[{"embeddable":true,"href":"https:\/\/zonaroja.com.mx\/index.php?rest_route=%2Fwp%2Fv2%2Fcomments&post=76982"}],"version-history":[{"count":1,"href":"https:\/\/zonaroja.com.mx\/index.php?rest_route=\/wp\/v2\/posts\/76982\/revisions"}],"predecessor-version":[{"id":76984,"href":"https:\/\/zonaroja.com.mx\/index.php?rest_route=\/wp\/v2\/posts\/76982\/revisions\/76984"}],"wp:featuredmedia":[{"embeddable":true,"href":"https:\/\/zonaroja.com.mx\/index.php?rest_route=\/wp\/v2\/media\/76983"}],"wp:attachment":[{"href":"https:\/\/zonaroja.com.mx\/index.php?rest_route=%2Fwp%2Fv2%2Fmedia&parent=76982"}],"wp:term":[{"taxonomy":"category","embeddable":true,"href":"https:\/\/zonaroja.com.mx\/index.php?rest_route=%2Fwp%2Fv2%2Fcategories&post=76982"},{"taxonomy":"post_tag","embeddable":true,"href":"https:\/\/zonaroja.com.mx\/index.php?rest_route=%2Fwp%2Fv2%2Ftags&post=76982"}],"curies":[{"name":"wp","href":"https:\/\/api.w.org\/{rel}","templated":true}]}}