{"id":76995,"date":"2025-01-29T12:08:31","date_gmt":"2025-01-29T18:08:31","guid":{"rendered":"https:\/\/zonaroja.com.mx\/?p=76995"},"modified":"2025-01-29T12:08:31","modified_gmt":"2025-01-29T18:08:31","slug":"en-operativo-de-busqueda-de-sandra-dominguez-cuatro-muertos-uno-de-ellos-policia","status":"publish","type":"post","link":"https:\/\/zonaroja.com.mx\/?p=76995","title":{"rendered":"En operativo de b\u00fasqueda de Sandra Dom\u00ednguez, cuatro muertos, uno de ellos polic\u00eda&nbsp;"},"content":{"rendered":"\n<p>Ismael Garc\u00eda M.\/Zona Roja.<\/p>\n\n\n\n<p>Oaxaca de Ju\u00e1rez, Oax.,a 29 de enero de 2025.- Al menos cuatro personas fallecidas, un elemento federal y tres presuntos delincuentes, es el saldo preliminar de un enfrentamiento ocurrido en la regi\u00f3n de la Cuenca, durante un operativo efectuado&nbsp;este mi\u00e9rcoles.<\/p>\n\n\n\n<p>La movilizaci\u00f3n de las corporaciones policiacas coordinadas por la Fiscal\u00eda General del Estado de Oaxaca ocurri\u00f3 entre Veracruz y San Juan Cotzoc\u00f3n, Oaxaca, por la b\u00fasqueda de Sandra Dom\u00ednguez y su pareja Alexander Hern\u00e1ndez, desaparecidos el 4 de octubre de 2024.<\/p>\n\n\n\n<p>De acuerdo con los datos preliminares, al hallar el refugio de los presuntos secuestradores, los uniformados fueron recibidos con disparos de arma de fuego, lo que origin\u00f3 el enfrentamiento.<\/p>\n\n\n\n<p>De manera preliminar hay tres presuntos delincuentes abatidos y un elemento de la Comisi\u00f3n Nacional Antisecuestros abatido, as\u00ed como varios detenidos.&nbsp;<\/p>\n\n\n\n<p>En sus redes sociales, el secretario de Seguridad federal dio a conocer esta ma\u00f1ana:<\/p>\n\n\n\n<p>\u201cAl dar cumplimiento a una orden de aprehensi\u00f3n en Veracruz de una persona relacionada con la desaparici\u00f3n de la activista Sandra Dom\u00ednguez, compa\u00f1eros de @SSPCMexico y de la Fiscal\u00eda General de Oaxaca fueron agredidos por hombres armados.&nbsp;<\/p>\n\n\n\n<p>\u201cDerivado del enfrentamiento, tres agresores perdieron la vida incluyendo el l\u00edder de la c\u00e9lula delictiva. Lamentablemente un compa\u00f1ero de Investigaci\u00f3n perdi\u00f3 la vida tras ser atendido en el hospital.&nbsp;<\/p>\n\n\n\n<p>\u201cNuestro compa\u00f1ero perdi\u00f3 la vida en una acci\u00f3n valiente cumpliendo con su deber y sacando de las calles a generadores de violencia que afectan a nuestro pa\u00eds\u201d.<\/p>\n\n\n\n<p>Por su parte, en una tarjeta informativa, la Secretar\u00eda de Seguridad del gobierno federal confirm\u00f3 que los hechos ocurrieron cerca de la carretera federal 147, tramo Palomares-Tuxtepec, en Veracruz.&nbsp;<\/p>\n\n\n\n<p><\/p>\n","protected":false},"excerpt":{"rendered":"<p>Ismael Garc\u00eda M.\/Zona Roja. Oaxaca de Ju\u00e1rez, Oax.,a 29 de enero de 2025.- Al menos&hellip;<\/p>\n","protected":false},"author":2,"featured_media":73285,"comment_status":"closed","ping_status":"open","sticky":false,"template":"","format":"standard","meta":{"_lmt_disableupdate":"","_lmt_disable":"","_jetpack_memberships_contains_paid_content":false,"footnotes":""},"categories":[109,47],"tags":[],"class_list":["post-76995","post","type-post","status-publish","format-standard","has-post-thumbnail","hentry","category-minuto-a-minuto","category-zona-gris"],"jetpack_featured_media_url":"https:\/\/zonaroja.com.mx\/wp-content\/uploads\/2024\/10\/Sandra-Dominguez-y-Alexander-Hernandez.jpg","jetpack_sharing_enabled":true,"_links":{"self":[{"href":"https:\/\/zonaroja.com.mx\/index.php?rest_route=\/wp\/v2\/posts\/76995","targetHints":{"allow":["GET"]}}],"collection":[{"href":"https:\/\/zonaroja.com.mx\/index.php?rest_route=\/wp\/v2\/posts"}],"about":[{"href":"https:\/\/zonaroja.com.mx\/index.php?rest_route=\/wp\/v2\/types\/post"}],"author":[{"embeddable":true,"href":"https:\/\/zonaroja.com.mx\/index.php?rest_route=\/wp\/v2\/users\/2"}],"replies":[{"embeddable":true,"href":"https:\/\/zonaroja.com.mx\/index.php?rest_route=%2Fwp%2Fv2%2Fcomments&post=76995"}],"version-history":[{"count":1,"href":"https:\/\/zonaroja.com.mx\/index.php?rest_route=\/wp\/v2\/posts\/76995\/revisions"}],"predecessor-version":[{"id":76996,"href":"https:\/\/zonaroja.com.mx\/index.php?rest_route=\/wp\/v2\/posts\/76995\/revisions\/76996"}],"wp:featuredmedia":[{"embeddable":true,"href":"https:\/\/zonaroja.com.mx\/index.php?rest_route=\/wp\/v2\/media\/73285"}],"wp:attachment":[{"href":"https:\/\/zonaroja.com.mx\/index.php?rest_route=%2Fwp%2Fv2%2Fmedia&parent=76995"}],"wp:term":[{"taxonomy":"category","embeddable":true,"href":"https:\/\/zonaroja.com.mx\/index.php?rest_route=%2Fwp%2Fv2%2Fcategories&post=76995"},{"taxonomy":"post_tag","embeddable":true,"href":"https:\/\/zonaroja.com.mx\/index.php?rest_route=%2Fwp%2Fv2%2Ftags&post=76995"}],"curies":[{"name":"wp","href":"https:\/\/api.w.org\/{rel}","templated":true}]}}