{"id":76998,"date":"2025-01-29T16:29:16","date_gmt":"2025-01-29T22:29:16","guid":{"rendered":"https:\/\/zonaroja.com.mx\/?p=76998"},"modified":"2025-01-29T17:56:17","modified_gmt":"2025-01-29T23:56:17","slug":"asesinan-a-dos-mujeres-en-la-zona-mixe-de-oaxaca","status":"publish","type":"post","link":"https:\/\/zonaroja.com.mx\/?p=76998","title":{"rendered":"Asesinan a dos mujeres en la zona Mixe de Oaxaca&nbsp;"},"content":{"rendered":"\n<p>Ismael Garc\u00eda M.\/Zona Roja.&nbsp;<\/p>\n\n\n\n<p>Oaxaca de Ju\u00e1rez, Oax., a 29 de enero de 2025.- Dos mujeres adultas fueron asesinadas en la localidad de San Jos\u00e9 Chinantequilla, del municipio de Villa de Totontepec Mixe, Oaxaca.&nbsp;<\/p>\n\n\n\n<p>De acuerdo con reportes policiacos, las v\u00edctimas fueron identificadas como las hermanas Elo\u00edsa S. P. y Aquilina S. P. quienes fueron ultimadas en el interior de su domicilio.<\/p>\n\n\n\n<p>Por estos hechos, que se indagan bajo protocolos de feminicidio, de manera preliminar se inform\u00f3 que hay dos personas detenidas.&nbsp;<\/p>\n\n\n\n<p>\u201cQuiero agradecer a mis familiares, amigos y conocidos, de coraz\u00f3n por todo el apoyo que han brindado a mi familia y a m\u00ed en este momento tan dif\u00edcil, tanto a las personas en Estados Unidos y en San Jos\u00e9 Chinantequilla, a las comunidades vecinas: Lachixova, Comaltepec, Amatepec, Cho\u00e1pam, Totontepec, Solaga, Yalalag, San Pedro Cajonos y dem\u00e1s, as\u00ed como a las personas que realizaron viajes largos desde las ciudades.&nbsp;<\/p>\n\n\n\n<p>\u201cLa p\u00e9rdida de mi mam\u00e1 y mi t\u00eda ha sido un golpe muy doloroso en mi vida y en la de las que la amaron, quisieron o conocieron\u201d, escribi\u00f3 un familiar de las v\u00edctimas, Sanz \u201cN\u201d, en la red social Facebook.&nbsp;<\/p>\n\n\n\n<p>\u201cPero tambi\u00e9n queremos que sepan que nuestra lucha no ha terminado. Queremos justicia para mi mam\u00e1 y mi t\u00eda, y no queremos que los responsables de este crimen queden impunes.<\/p>\n\n\n\n<p>\u201cEsperamos que su apoyo contin\u00fae en el proceso legal que se avecina, y que juntos podamos lograr que se haga justicia\u201d, difundi\u00f3.&nbsp;<\/p>\n","protected":false},"excerpt":{"rendered":"<p>Ismael Garc\u00eda M.\/Zona Roja.&nbsp; Oaxaca de Ju\u00e1rez, Oax., a 29 de enero de 2025.- Dos&hellip;<\/p>\n","protected":false},"author":2,"featured_media":76997,"comment_status":"closed","ping_status":"open","sticky":false,"template":"","format":"standard","meta":{"_lmt_disableupdate":"","_lmt_disable":"","_jetpack_memberships_contains_paid_content":false,"footnotes":""},"categories":[109,51],"tags":[],"class_list":["post-76998","post","type-post","status-publish","format-standard","has-post-thumbnail","hentry","category-minuto-a-minuto","category-zona-roja"],"jetpack_featured_media_url":"https:\/\/zonaroja.com.mx\/wp-content\/uploads\/2025\/01\/fcc17fc0-a2bc-4762-9b30-9279af47a07e-1.jpg","jetpack_sharing_enabled":true,"_links":{"self":[{"href":"https:\/\/zonaroja.com.mx\/index.php?rest_route=\/wp\/v2\/posts\/76998","targetHints":{"allow":["GET"]}}],"collection":[{"href":"https:\/\/zonaroja.com.mx\/index.php?rest_route=\/wp\/v2\/posts"}],"about":[{"href":"https:\/\/zonaroja.com.mx\/index.php?rest_route=\/wp\/v2\/types\/post"}],"author":[{"embeddable":true,"href":"https:\/\/zonaroja.com.mx\/index.php?rest_route=\/wp\/v2\/users\/2"}],"replies":[{"embeddable":true,"href":"https:\/\/zonaroja.com.mx\/index.php?rest_route=%2Fwp%2Fv2%2Fcomments&post=76998"}],"version-history":[{"count":2,"href":"https:\/\/zonaroja.com.mx\/index.php?rest_route=\/wp\/v2\/posts\/76998\/revisions"}],"predecessor-version":[{"id":77003,"href":"https:\/\/zonaroja.com.mx\/index.php?rest_route=\/wp\/v2\/posts\/76998\/revisions\/77003"}],"wp:featuredmedia":[{"embeddable":true,"href":"https:\/\/zonaroja.com.mx\/index.php?rest_route=\/wp\/v2\/media\/76997"}],"wp:attachment":[{"href":"https:\/\/zonaroja.com.mx\/index.php?rest_route=%2Fwp%2Fv2%2Fmedia&parent=76998"}],"wp:term":[{"taxonomy":"category","embeddable":true,"href":"https:\/\/zonaroja.com.mx\/index.php?rest_route=%2Fwp%2Fv2%2Fcategories&post=76998"},{"taxonomy":"post_tag","embeddable":true,"href":"https:\/\/zonaroja.com.mx\/index.php?rest_route=%2Fwp%2Fv2%2Ftags&post=76998"}],"curies":[{"name":"wp","href":"https:\/\/api.w.org\/{rel}","templated":true}]}}