{"id":77001,"date":"2025-01-29T17:49:01","date_gmt":"2025-01-29T23:49:01","guid":{"rendered":"https:\/\/zonaroja.com.mx\/?p=77001"},"modified":"2025-01-29T17:49:01","modified_gmt":"2025-01-29T23:49:01","slug":"confirmado-hallan-sin-vida-a-taxista-desaparecido-en-la-ciudad-de-oaxaca","status":"publish","type":"post","link":"https:\/\/zonaroja.com.mx\/?p=77001","title":{"rendered":"Confirmado: hallan sin vida a taxista desaparecido en la ciudad de Oaxaca"},"content":{"rendered":"\n<p class=\"MsoNormal\">Raymundo Morales\/Zona Roja.<\/p>\n\n\n\n<p class=\"MsoNormal\">Oaxaca de Ju\u00e1rez, Oax., a 29 de enero de 2025.- La Fiscal\u00eda General del Estado de Oaxaca (FGEO) confirm\u00f3 la localizaci\u00f3n de un cuerpo sin vida de un taxista reportado como desaparecido ayer en la capital del estado.&nbsp;<\/p>\n\n\n\n<p class=\"MsoNormal\">En un comunicado, dio a conocer que&nbsp;despleg\u00f3 a un equipo especializado en diferentes materias para iniciar las investigaciones ministeriales luego del hallazgo en el paraje conocido como \u201cNueve Puntas\u201d, en el municipio de Santiago Matatl\u00e1n, en la regi\u00f3n de los Valles Centrales.<\/p>\n\n\n\n<p class=\"MsoNormal\">Indic\u00f3 que la v\u00edctima es una persona del sexo masculino identificada por las iniciales S. M. M. (Sixto), quien estaba reportado como No Localizado y fue visto por \u00faltima vez en el fraccionamiento Villas Monte Alban, en Oaxaca de Ju\u00e1rez, el 28 de enero de 2025.<\/p>\n\n\n\n<p class=\"MsoNormal\">\u201cAnte la situaci\u00f3n, la FGEO perfila las l\u00edneas de investigaci\u00f3n en torno al caso, a trav\u00e9s de la Vicefiscal\u00eda Regional de Valles Centrales que lleva a cabo las labores ministeriales correspondientes para dar con el paradero de quien o quienes resulten&nbsp;responsables\u201d, indic\u00f3.&nbsp;<\/p>\n\n\n\n<p class=\"MsoNormal\">Don Sixto, de 72 a\u00f1os de edad, conduc\u00eda un taxi del sitio \u201cVillas del Marquez\u201d, con n\u00famero econ\u00f3mico 01-011 y placas de circulaci\u00f3n 6870SJM.<\/p>\n","protected":false},"excerpt":{"rendered":"<p>Raymundo Morales\/Zona Roja. Oaxaca de Ju\u00e1rez, Oax., a 29 de enero de 2025.- La Fiscal\u00eda&hellip;<\/p>\n","protected":false},"author":2,"featured_media":77000,"comment_status":"closed","ping_status":"open","sticky":false,"template":"","format":"standard","meta":{"_lmt_disableupdate":"","_lmt_disable":"","_jetpack_memberships_contains_paid_content":false,"footnotes":""},"categories":[109,51],"tags":[],"class_list":["post-77001","post","type-post","status-publish","format-standard","has-post-thumbnail","hentry","category-minuto-a-minuto","category-zona-roja"],"jetpack_featured_media_url":"https:\/\/zonaroja.com.mx\/wp-content\/uploads\/2025\/01\/img_4961-1.jpg","jetpack_sharing_enabled":true,"_links":{"self":[{"href":"https:\/\/zonaroja.com.mx\/index.php?rest_route=\/wp\/v2\/posts\/77001","targetHints":{"allow":["GET"]}}],"collection":[{"href":"https:\/\/zonaroja.com.mx\/index.php?rest_route=\/wp\/v2\/posts"}],"about":[{"href":"https:\/\/zonaroja.com.mx\/index.php?rest_route=\/wp\/v2\/types\/post"}],"author":[{"embeddable":true,"href":"https:\/\/zonaroja.com.mx\/index.php?rest_route=\/wp\/v2\/users\/2"}],"replies":[{"embeddable":true,"href":"https:\/\/zonaroja.com.mx\/index.php?rest_route=%2Fwp%2Fv2%2Fcomments&post=77001"}],"version-history":[{"count":1,"href":"https:\/\/zonaroja.com.mx\/index.php?rest_route=\/wp\/v2\/posts\/77001\/revisions"}],"predecessor-version":[{"id":77002,"href":"https:\/\/zonaroja.com.mx\/index.php?rest_route=\/wp\/v2\/posts\/77001\/revisions\/77002"}],"wp:featuredmedia":[{"embeddable":true,"href":"https:\/\/zonaroja.com.mx\/index.php?rest_route=\/wp\/v2\/media\/77000"}],"wp:attachment":[{"href":"https:\/\/zonaroja.com.mx\/index.php?rest_route=%2Fwp%2Fv2%2Fmedia&parent=77001"}],"wp:term":[{"taxonomy":"category","embeddable":true,"href":"https:\/\/zonaroja.com.mx\/index.php?rest_route=%2Fwp%2Fv2%2Fcategories&post=77001"},{"taxonomy":"post_tag","embeddable":true,"href":"https:\/\/zonaroja.com.mx\/index.php?rest_route=%2Fwp%2Fv2%2Ftags&post=77001"}],"curies":[{"name":"wp","href":"https:\/\/api.w.org\/{rel}","templated":true}]}}