{"id":77004,"date":"2025-01-29T19:39:03","date_gmt":"2025-01-30T01:39:03","guid":{"rendered":"https:\/\/zonaroja.com.mx\/?p=77004"},"modified":"2025-01-29T19:39:05","modified_gmt":"2025-01-30T01:39:05","slug":"sentencia-fofo-marquez-influencer-pasara-17-anos-en-prision","status":"publish","type":"post","link":"https:\/\/zonaroja.com.mx\/?p=77004","title":{"rendered":"Sentencia \u201cFofo\u201d M\u00e1rquez: \u201cinfluencer\u201d pasar\u00e1 17 a\u00f1os en prisi\u00f3n"},"content":{"rendered":"\n<p>Redacci\u00f3n\/Zona Roja Cdmx.<\/p>\n\n\n\n<p>Ciudad de M\u00e9xico, a 29 de enero de 2025.- El \u201cinfluencer\u201d Rodolfo \u201cFofo\u201d M\u00e1rquez fue condenado a 17 a\u00f1os y seis meses de prisi\u00f3n tras ser hallado culpable por el delito de feminicidio en grado de tentativa.&nbsp;<\/p>\n\n\n\n<p>Las autoridades del Estado de M\u00e9xico tambi\u00e9n determinaron que debe pagar una reparaci\u00f3n del da\u00f1o de 227 mil pesos, as\u00ed como una multa de 67 mil 313.40 pesos.&nbsp;<\/p>\n\n\n\n<p>Debido a la sentencia permanecer\u00e1 en la c\u00e1rcel hasta los 43 a\u00f1os de edad.<\/p>\n\n\n\n<p>La audiencia contra el joven de 26 a\u00f1os comenz\u00f3 a las 16:00 horas de este mi\u00e9rcoles en los juzgados del Penal de Barrientos, Tlalnepantla. Estuvieron presentes la mam\u00e1 y el hermano del \u201cinfluencer\u201d; as\u00ed como la v\u00edctima Edith M\u00e1rquez.<\/p>\n\n\n\n<p>Rodolfo \u2018Fofo\u2019 M\u00e1rquez fue arrestado el 4 de abril de 2024 tras ser acusado de agredir, con golpes y patadas, a Edith M\u00e1rquez, de entonces 51 a\u00f1os, el 22 de febrero de ese mismo a\u00f1o en el interior de un estacionamiento de una plaza comercial, ubicada en Naucalpan, Estado de M\u00e9xico.<\/p>\n\n\n\n<p>De acuerdo con el video difundido posteriormente a la fecha de la agresi\u00f3n y que se viraliz\u00f3, el \u201cinfluencer\u201d descendi\u00f3 de su camioneta marca Audi para reclamar que le hab\u00edan golpeado el espejo.<\/p>\n\n\n\n<p>Debido al incidente, la mujer le indic\u00f3 que iba a contactar a su aseguradora y se dirigi\u00f3 a su veh\u00edculo para sacar los documentos necesarios. No obstante, \u201cFofo\u201d la intercept\u00f3 y la golpe\u00f3 en la cara, la tir\u00f3 al suelo y la pate\u00f3 con sa\u00f1a en diversas ocasiones.<\/p>\n\n\n\n<p>\u201cFofo\u201d M\u00e1rquez par\u00f3 de golpear a la mujer cuando una persona de otro carro le reclam\u00f3. Enseguida corri\u00f3 para subirse a su camioneta, que ya estaba en marcha, y huy\u00f3.<\/p>\n\n\n\n<p>\u201cFofo\u201d M\u00e1rquez fue declarado culpable del delito de feminicidio en grado de tentativa el pasado 24 de enero. Aquel d\u00eda, Edith M\u00e1rquez celebr\u00f3 el fallo:<\/p>\n\n\n\n<p>\u201cAgradecida porque se hizo justicia. Decirle a todas las mujeres: Recuerden que s\u00ed hay justicia. No importa que sea \u2018youtuber\u2019, que sea pobre, rico, pol\u00edtico; hay justicia (&#8230;) S\u00e9 que es dif\u00edcil, yo tambi\u00e9n soy madre, pero tambi\u00e9n tenemos que entender que los actos tienen consecuencias\u201d, se\u00f1al\u00f3.<\/p>\n\n\n\n<p>De esta forma \u201cFofo\u201d M\u00e1rquez permanecer\u00e1 en el Penal de Barrientos, considerado el m\u00e1s peligroso del Estado de M\u00e9xico y uno de los m\u00e1s riesgosos del pa\u00eds, seg\u00fan el Diagn\u00f3stico Nacional de Supervisi\u00f3n Penitenciaria 2024, elaborado por la Comisi\u00f3n Nacional de los Derechos Humanos (CNDH).<\/p>\n\n\n\n<p>(Informaci\u00f3n de ADN 40)<\/p>\n","protected":false},"excerpt":{"rendered":"<p>Redacci\u00f3n\/Zona Roja Cdmx. Ciudad de M\u00e9xico, a 29 de enero de 2025.- El \u201cinfluencer\u201d Rodolfo&hellip;<\/p>\n","protected":false},"author":2,"featured_media":67195,"comment_status":"closed","ping_status":"open","sticky":false,"template":"","format":"standard","meta":{"_lmt_disableupdate":"","_lmt_disable":"","_jetpack_memberships_contains_paid_content":false,"footnotes":""},"categories":[109,47],"tags":[4178],"class_list":["post-77004","post","type-post","status-publish","format-standard","has-post-thumbnail","hentry","category-minuto-a-minuto","category-zona-gris","tag-rodolfo-fofo-marquez"],"jetpack_featured_media_url":"https:\/\/zonaroja.com.mx\/wp-content\/uploads\/2024\/04\/Fofo-vinculado-a-proceso-influencer.jpeg","jetpack_sharing_enabled":true,"_links":{"self":[{"href":"https:\/\/zonaroja.com.mx\/index.php?rest_route=\/wp\/v2\/posts\/77004","targetHints":{"allow":["GET"]}}],"collection":[{"href":"https:\/\/zonaroja.com.mx\/index.php?rest_route=\/wp\/v2\/posts"}],"about":[{"href":"https:\/\/zonaroja.com.mx\/index.php?rest_route=\/wp\/v2\/types\/post"}],"author":[{"embeddable":true,"href":"https:\/\/zonaroja.com.mx\/index.php?rest_route=\/wp\/v2\/users\/2"}],"replies":[{"embeddable":true,"href":"https:\/\/zonaroja.com.mx\/index.php?rest_route=%2Fwp%2Fv2%2Fcomments&post=77004"}],"version-history":[{"count":1,"href":"https:\/\/zonaroja.com.mx\/index.php?rest_route=\/wp\/v2\/posts\/77004\/revisions"}],"predecessor-version":[{"id":77005,"href":"https:\/\/zonaroja.com.mx\/index.php?rest_route=\/wp\/v2\/posts\/77004\/revisions\/77005"}],"wp:featuredmedia":[{"embeddable":true,"href":"https:\/\/zonaroja.com.mx\/index.php?rest_route=\/wp\/v2\/media\/67195"}],"wp:attachment":[{"href":"https:\/\/zonaroja.com.mx\/index.php?rest_route=%2Fwp%2Fv2%2Fmedia&parent=77004"}],"wp:term":[{"taxonomy":"category","embeddable":true,"href":"https:\/\/zonaroja.com.mx\/index.php?rest_route=%2Fwp%2Fv2%2Fcategories&post=77004"},{"taxonomy":"post_tag","embeddable":true,"href":"https:\/\/zonaroja.com.mx\/index.php?rest_route=%2Fwp%2Fv2%2Ftags&post=77004"}],"curies":[{"name":"wp","href":"https:\/\/api.w.org\/{rel}","templated":true}]}}