{"id":77009,"date":"2025-01-29T22:27:00","date_gmt":"2025-01-30T04:27:00","guid":{"rendered":"https:\/\/zonaroja.com.mx\/?p=77009"},"modified":"2025-01-29T22:27:01","modified_gmt":"2025-01-30T04:27:01","slug":"violencia-en-el-istmo-un-asesinado-y-un-herido","status":"publish","type":"post","link":"https:\/\/zonaroja.com.mx\/?p=77009","title":{"rendered":"Violencia en el Istmo: un asesinado y un herido"},"content":{"rendered":"\n<p>Raymundo Morales\/Zona Roja.<\/p>\n\n\n\n<p>Oaxaca de Ju\u00e1rez, Oax., a 29 de enero de 2025.- Dos ataques armados en municipios de la regi\u00f3n del Istmo de Tehuantepec dejaron como saldo una persona lesionada y una fallecida.<\/p>\n\n\n\n<p>Esta tarde, en Santo Domingo Tehuantepec un individuo fue acribillado en un expendio de pollos asados, a un costado de la carretera Trans\u00edstmica, jurisdicci\u00f3n del barrio Vixhana.<\/p>\n\n\n\n<p>Al menos tres sujetos con ingresaron al local y dispararon en contra de la v\u00edctima, tras lo cual huyeron.<\/p>\n\n\n\n<p>En el sitio qued\u00f3 gravemente herido quien fue identificado como Luis Antonio N.; sus familiares arribaron primero que los polic\u00edas y lo trasladaron por sus medios a un hospital, pero confirmaron que ya hab\u00eda perdido la vida.<\/p>\n\n\n\n<p>Horas antes, en el municipio de Juchit\u00e1n de Zaragoza, un individuo de nacionalidad venezolana fue atacado a balazos, presuntamente por oponerse a un asalto.<\/p>\n\n\n\n<p>El hecho ocurri\u00f3 en inmediaciones del Instituto Tecnol\u00f3gico del Istmo, donde fue localizado el hombre herido, quien fue trasladado a un hospital.<\/p>\n\n\n\n<p>Dijo llamarse Cruz Rafael P. A., de 26 a\u00f1os de edad, quien narr\u00f3 que al menos dos sujetos intentaron robarle sus pertenencias.<\/p>\n","protected":false},"excerpt":{"rendered":"<p>Raymundo Morales\/Zona Roja. Oaxaca de Ju\u00e1rez, Oax., a 29 de enero de 2025.- Dos ataques&hellip;<\/p>\n","protected":false},"author":2,"featured_media":77010,"comment_status":"closed","ping_status":"open","sticky":false,"template":"","format":"standard","meta":{"_lmt_disableupdate":"","_lmt_disable":"","_jetpack_memberships_contains_paid_content":false,"footnotes":""},"categories":[109,51],"tags":[533],"class_list":["post-77009","post","type-post","status-publish","format-standard","has-post-thumbnail","hentry","category-minuto-a-minuto","category-zona-roja","tag-asesinado-en-tehuantepec"],"jetpack_featured_media_url":"https:\/\/zonaroja.com.mx\/wp-content\/uploads\/2025\/01\/ASesinado-en-Tehuantepec.jpg","jetpack_sharing_enabled":true,"_links":{"self":[{"href":"https:\/\/zonaroja.com.mx\/index.php?rest_route=\/wp\/v2\/posts\/77009","targetHints":{"allow":["GET"]}}],"collection":[{"href":"https:\/\/zonaroja.com.mx\/index.php?rest_route=\/wp\/v2\/posts"}],"about":[{"href":"https:\/\/zonaroja.com.mx\/index.php?rest_route=\/wp\/v2\/types\/post"}],"author":[{"embeddable":true,"href":"https:\/\/zonaroja.com.mx\/index.php?rest_route=\/wp\/v2\/users\/2"}],"replies":[{"embeddable":true,"href":"https:\/\/zonaroja.com.mx\/index.php?rest_route=%2Fwp%2Fv2%2Fcomments&post=77009"}],"version-history":[{"count":1,"href":"https:\/\/zonaroja.com.mx\/index.php?rest_route=\/wp\/v2\/posts\/77009\/revisions"}],"predecessor-version":[{"id":77011,"href":"https:\/\/zonaroja.com.mx\/index.php?rest_route=\/wp\/v2\/posts\/77009\/revisions\/77011"}],"wp:featuredmedia":[{"embeddable":true,"href":"https:\/\/zonaroja.com.mx\/index.php?rest_route=\/wp\/v2\/media\/77010"}],"wp:attachment":[{"href":"https:\/\/zonaroja.com.mx\/index.php?rest_route=%2Fwp%2Fv2%2Fmedia&parent=77009"}],"wp:term":[{"taxonomy":"category","embeddable":true,"href":"https:\/\/zonaroja.com.mx\/index.php?rest_route=%2Fwp%2Fv2%2Fcategories&post=77009"},{"taxonomy":"post_tag","embeddable":true,"href":"https:\/\/zonaroja.com.mx\/index.php?rest_route=%2Fwp%2Fv2%2Ftags&post=77009"}],"curies":[{"name":"wp","href":"https:\/\/api.w.org\/{rel}","templated":true}]}}