{"id":77015,"date":"2025-01-30T08:15:00","date_gmt":"2025-01-30T14:15:00","guid":{"rendered":"https:\/\/zonaroja.com.mx\/?p=77015"},"modified":"2025-01-30T07:00:31","modified_gmt":"2025-01-30T13:00:31","slug":"confirma-fiscalia-detencion-de-dos-probables-homicidas-de-mujeres-en-zona-mixe","status":"publish","type":"post","link":"https:\/\/zonaroja.com.mx\/?p=77015","title":{"rendered":"Confirma Fiscal\u00eda detenci\u00f3n de dos probables homicidas de mujeres en zona Mixe"},"content":{"rendered":"\n<p>Raymundo Morales\/Zona Roja.<\/p>\n\n\n\n<p>Oaxaca de Ju\u00e1rez, Oax., a 30 de enero de 2025.- La Fiscal\u00eda General del Estado de Oaxaca (FGEO) confirm\u00f3 la detenci\u00f3n de dos personas acusadas de haber asesinado a dos mujeres en San Jos\u00e9 Chinantequilla, municipio de Totontepec Villa de Morelos, en la zona Mixe del estado.<\/p>\n\n\n\n<p>Detall\u00f3 que derivado del trabajo ministerial iniciado bajo el Protocolo de Actuaci\u00f3n Ministerial, Pericial y Policial en el Delito de Feminicidio, obtuvo dos \u00f3rdenes de aprehensi\u00f3n en contra de dos personas del sexo masculino identificados como F.M.R.D. y R.U.R.D.<\/p>\n\n\n\n<p>En un comunicado, detall\u00f3 que, de acuerdo con lo asentado en el expediente penal, los hechos ocurrieron el 24 de enero de 2025, cuando las v\u00edctimas -identificadas como E.S.P. y A.S.P., se encontraba en el interior de un domicilio ubicado en inmediaciones de la carretera federal en el tramo de San Jos\u00e9 Chinantequilla Lachixova, perteneciente al municipio Totontepec Villa de Morelos, sitio en el que fueron agredidas y privadas de la vida.<\/p>\n\n\n\n<p>Ante estos hechos, la Fiscal\u00eda General inici\u00f3 los trabajos de inteligencia criminal a trav\u00e9s de Comandancia Especializada en Atenci\u00f3n a Delitos contra la Mujer por Raz\u00f3n de G\u00e9nero adscrita a la Vicefiscal\u00eda Regional de los Valles Centrales, que permitieron obtener una orden de aprehensi\u00f3n y posteriormente la detenci\u00f3n de dos personas.<\/p>\n\n\n\n<p>Ambos sujetos fueron puestos a disposici\u00f3n de la autoridad que los requiri\u00f3 para determinar su situaci\u00f3n jur\u00eddica; la instituci\u00f3n garantiz\u00f3 una investigaci\u00f3n&nbsp; exhaustiva para esclarecer delitos, aplicando las herramientas legales para castigar a quien o quienes resulten responsables.<\/p>\n\n\n\n<p>OCHO DETENIDOS<\/p>\n\n\n\n<p>En otro caso, la Fiscal\u00eda General dio a conocer que, en colaboraci\u00f3n interinstitucional con la Fiscal\u00eda de Veracruz, ejecutaron una orden de aprehensi\u00f3n que permiti\u00f3 la detenci\u00f3n de cuatro personas del sexo masculino identificadas como S.R.R., M.R.R., A.R.R. y O.R.R., por el delito de Homicidio Calificado con las agravantes de Premeditaci\u00f3n, Alevos\u00eda y Ventaja en agravio de ocho personas, hechos ocurridos en la regi\u00f3n de la Cuenca del Papaloapan.<\/p>\n\n\n\n<p>La detenci\u00f3n sucedi\u00f3 en la comunidad de Real del Oro, en el municipio de Villa \u00darsulo Galv\u00e1n, perteneciente al estado de Veracruz, la cual se llev\u00f3 a cabo gracias a la coordinaci\u00f3n de la Comandancia Regional de la Ciudad y Puerto de Veracruz y Agentes Estatales de Investigaci\u00f3n de Oaxaca, a trav\u00e9s de la Vicefiscal\u00eda Regional de la Cuenca y la Fiscal\u00eda Especializada para la Atenci\u00f3n a Delitos de Alto Impacto de la FGEO.<\/p>\n\n\n\n<p>De acuerdo con el expediente penal del caso, el 15 de agosto de 2010, las v\u00edctimas del sexo masculino identificadas como J.S.L., A.R.V., G.H.T., H.C.S., C.C.S., G.S.C., P.L.G.S. y I.H.M., se encontraban en la comunidad de Tierra Alta, en el municipio de Loma Bonita, lugar en donde fueron interceptados por un grupo de personas, quienes obligaron a las v\u00edctimas a subirse a la batea de una camioneta.<\/p>\n\n\n\n<p>La investigaci\u00f3n revela que, en el lugar, las v\u00edctimas fueron privadas de la vida con disparos de arma de fuego, abandonando los cuerpos en la camioneta localizada en inmediaciones de la carretera Federal Sayula-Ciudad Alem\u00e1n, jurisdicci\u00f3n de Loma Bonita, en la regi\u00f3n de la Cuenca del Papaloapan.<\/p>\n\n\n\n<p>Al tener conocimiento de los hechos, la Fiscal\u00eda de Oaxaca inici\u00f3 las investigaciones ministeriales correspondientes a trav\u00e9s de la Vicefiscal\u00eda Regional de la Cuenca, logrando obtener una orden de aprehensi\u00f3n en contra de S.R.R., M.R.R., A.R.R. y O.R.R., por el delito de homicidio calificado con las agravantes de premeditaci\u00f3n, alevos\u00eda y ventaja.<\/p>\n\n\n\n<p>Una vez realizadas las labores de localizaci\u00f3n, se pudo establecer el paradero de S.R.R., M.R.R., A.R.R. y O.R.R., por lo que se solicit\u00f3 la colaboraci\u00f3n de las autoridades del estado de Veracruz para la ejecuci\u00f3n de las \u00f3rdenes de aprehensi\u00f3n en su contra, por lo que, luego de ser detenidos se efectuaron los tr\u00e1mites legales pertinentes para su traslado a Oaxaca y con ello, ponerlos a disposici\u00f3n de la autoridad ministerial correspondiente.<\/p>\n","protected":false},"excerpt":{"rendered":"<p>Raymundo Morales\/Zona Roja. Oaxaca de Ju\u00e1rez, Oax., a 30 de enero de 2025.- La Fiscal\u00eda&hellip;<\/p>\n","protected":false},"author":2,"featured_media":77016,"comment_status":"closed","ping_status":"open","sticky":false,"template":"","format":"standard","meta":{"_lmt_disableupdate":"","_lmt_disable":"","_jetpack_memberships_contains_paid_content":false,"footnotes":""},"categories":[109,46],"tags":[494,1683],"class_list":["post-77015","post","type-post","status-publish","format-standard","has-post-thumbnail","hentry","category-minuto-a-minuto","category-zona-blanca","tag-fiscalia-general-del-estado-de-oaxaca","tag-totontepec-villa-de-morelos"],"jetpack_featured_media_url":"https:\/\/zonaroja.com.mx\/wp-content\/uploads\/2025\/01\/Detenidos-feminicidios-Totontepec.jpg","jetpack_sharing_enabled":true,"_links":{"self":[{"href":"https:\/\/zonaroja.com.mx\/index.php?rest_route=\/wp\/v2\/posts\/77015","targetHints":{"allow":["GET"]}}],"collection":[{"href":"https:\/\/zonaroja.com.mx\/index.php?rest_route=\/wp\/v2\/posts"}],"about":[{"href":"https:\/\/zonaroja.com.mx\/index.php?rest_route=\/wp\/v2\/types\/post"}],"author":[{"embeddable":true,"href":"https:\/\/zonaroja.com.mx\/index.php?rest_route=\/wp\/v2\/users\/2"}],"replies":[{"embeddable":true,"href":"https:\/\/zonaroja.com.mx\/index.php?rest_route=%2Fwp%2Fv2%2Fcomments&post=77015"}],"version-history":[{"count":1,"href":"https:\/\/zonaroja.com.mx\/index.php?rest_route=\/wp\/v2\/posts\/77015\/revisions"}],"predecessor-version":[{"id":77017,"href":"https:\/\/zonaroja.com.mx\/index.php?rest_route=\/wp\/v2\/posts\/77015\/revisions\/77017"}],"wp:featuredmedia":[{"embeddable":true,"href":"https:\/\/zonaroja.com.mx\/index.php?rest_route=\/wp\/v2\/media\/77016"}],"wp:attachment":[{"href":"https:\/\/zonaroja.com.mx\/index.php?rest_route=%2Fwp%2Fv2%2Fmedia&parent=77015"}],"wp:term":[{"taxonomy":"category","embeddable":true,"href":"https:\/\/zonaroja.com.mx\/index.php?rest_route=%2Fwp%2Fv2%2Fcategories&post=77015"},{"taxonomy":"post_tag","embeddable":true,"href":"https:\/\/zonaroja.com.mx\/index.php?rest_route=%2Fwp%2Fv2%2Ftags&post=77015"}],"curies":[{"name":"wp","href":"https:\/\/api.w.org\/{rel}","templated":true}]}}