{"id":77018,"date":"2025-01-30T09:15:00","date_gmt":"2025-01-30T15:15:00","guid":{"rendered":"https:\/\/zonaroja.com.mx\/?p=77018"},"modified":"2025-01-30T07:53:20","modified_gmt":"2025-01-30T13:53:20","slug":"en-riesgo-maestria-y-doctorado-del-poder-judicial-italia-por-desidia-de-presidenta","status":"publish","type":"post","link":"https:\/\/zonaroja.com.mx\/?p=77018","title":{"rendered":"En riesgo maestr\u00eda y doctorado del Poder Judicial-Italia, por desidia de presidenta"},"content":{"rendered":"\n<p>Ismael Garc\u00eda M.\/Zona Roja.<\/p>\n\n\n\n<p>Oaxaca de Ju\u00e1rez, Oax., a 30 de enero de 2024.- Debido a negligencias del Poder Judicial de Oaxaca, entre ellos el pago de docentes, el doctorado en Derecho que se impulsa con la Universidad de Perugia, Italia, est\u00e1 en riesgo.<\/p>\n\n\n\n<p>Mario I. \u00c1lvarez Ledezma y Roberto Cippitani, coordinador de la especialidad y presidente del Comit\u00e9 Acad\u00e9mico, respectivamente, dirigieron una misiva a la magistrada presidenta Berenice Ram\u00edrez Jim\u00e9nez, para aplazar la firma del convenio de colaboraci\u00f3n.<\/p>\n\n\n\n<p>\u201cLo anterior, toda vez que a la fecha y desafortunadamente, existen una serie de obligaciones que la Escuela Judicial adscrita al Tribunal a su cargo, no ha satisfecho a cabalidad desde, incluso, hace casi un a\u00f1o.&nbsp;<\/p>\n\n\n\n<p>\u201cObligaciones entre otras, pero principalmente, el pago de los honorarios de los profesores de la Maestr\u00eda en Derecho Judicial (MIDJ), pago que era de su exclusiva responsabilidad.<\/p>\n\n\n\n<p>\u201cAsimismo, vemos con suma preocupaci\u00f3n, lo que hemos manifestado a usted personalmente, que se han tenido que enfrentar infinidad de dificultades y obst\u00e1culos administrativos ante las \u00e1reas competentes del Tribunal a su cargo, para poder organizar el Seminario de formaci\u00f3n profesional (Tirocinio) de los alumnos de la segunda generaci\u00f3n de la se\u00f1alada MDJ.&nbsp;<\/p>\n\n\n\n<p>\u201cSeminario que es reglamentariamente obligatorio y tendr\u00e1 verificativo los d\u00edas 17 al 21 de febrero en las instalaciones de nuestra Universidad en As\u00eds, Italia. De hecho, usted tuvo puntual noticia de que esos \u00f3bices pusieron en serio riesgo la concreci\u00f3n de esta important\u00edsima actividad de los alumnos\u201d, se\u00f1alan en la misiva.<\/p>\n\n\n\n<p>Agregan que a la fecha no han recibido de parte de la presidenta del Poder Judicial ninguna confirmaci\u00f3n formal de aceptaci\u00f3n a la invitaci\u00f3n que le hiciera el Director del Dipartimento di Giurisprudenza, profesor Andrea Sassi, para acompa\u00f1arlos en la sede de la Instituci\u00f3n, los pr\u00f3ximos d\u00edas 10 a 12 de febrero, para suscribir el convenio espec\u00edfico aludido antes.&nbsp;<\/p>\n\n\n\n<p>\u201cLo que precede, no obstante que a usted hicimos entrega de dicha invitaci\u00f3n personalmente desde noviembre del a\u00f1o pasado y, por v\u00eda electr\u00f3nica, tambi\u00e9n desde meses atr\u00e1s, le rogamos nos informara sobre los detalles de su viaje para estar en condiciones de adoptar las providencias que nuestro protocolo de visitas exige\u201d.<\/p>\n\n\n\n<p>Reprochan tambi\u00e9n que Ram\u00edrez Jim\u00e9nez quiera formalizar un doctorado en Derecho pero mediante otros mecanismos jur\u00eddicos y acad\u00e9micos ajenos al convenio firmado entre ambas partes.<\/p>\n\n\n\n<p>\u201cAs\u00ed las cosas y una vez puesto al d\u00eda el cumplimiento de las obligaciones pendientes a cargo de su Escuela Judicial, estaremos en condici\u00f3n de retomar el di\u00e1logo, si ambas instituciones lo juzgan pertinente, sobre un posible Doctorado conjunto\u201d, exponen.<\/p>\n\n\n\n<p>Reiteran que la Universit\u00e0 degli Studi di Perugia, ratifica el compromiso asumido de concluir puntualmente los dos semestres de estudios que restan para la segunda generaci\u00f3n de la maestr\u00eda, \u201cpara lo cual, inclusive, como comunicamos a la Directora de su Escuela Judicial, asumiremos el costo total del pago a profesores, as\u00ed como hemos asumido ya los costos de los vi\u00e1ticos de la Coordinaci\u00f3n de la Maestr\u00eda para efectos de su pr\u00f3xima estancia en Italia\u201d.<\/p>\n","protected":false},"excerpt":{"rendered":"<p>Ismael Garc\u00eda M.\/Zona Roja. Oaxaca de Ju\u00e1rez, Oax., a 30 de enero de 2024.- Debido&hellip;<\/p>\n","protected":false},"author":2,"featured_media":77019,"comment_status":"closed","ping_status":"open","sticky":false,"template":"","format":"standard","meta":{"_lmt_disableupdate":"","_lmt_disable":"","_jetpack_memberships_contains_paid_content":false,"footnotes":""},"categories":[109,47],"tags":[3796],"class_list":["post-77018","post","type-post","status-publish","format-standard","has-post-thumbnail","hentry","category-minuto-a-minuto","category-zona-gris","tag-berenice-ramirez-jimenez"],"jetpack_featured_media_url":"https:\/\/zonaroja.com.mx\/wp-content\/uploads\/2025\/01\/Maestria-en-Derecho-Poder-Judicial.jpg","jetpack_sharing_enabled":true,"_links":{"self":[{"href":"https:\/\/zonaroja.com.mx\/index.php?rest_route=\/wp\/v2\/posts\/77018","targetHints":{"allow":["GET"]}}],"collection":[{"href":"https:\/\/zonaroja.com.mx\/index.php?rest_route=\/wp\/v2\/posts"}],"about":[{"href":"https:\/\/zonaroja.com.mx\/index.php?rest_route=\/wp\/v2\/types\/post"}],"author":[{"embeddable":true,"href":"https:\/\/zonaroja.com.mx\/index.php?rest_route=\/wp\/v2\/users\/2"}],"replies":[{"embeddable":true,"href":"https:\/\/zonaroja.com.mx\/index.php?rest_route=%2Fwp%2Fv2%2Fcomments&post=77018"}],"version-history":[{"count":1,"href":"https:\/\/zonaroja.com.mx\/index.php?rest_route=\/wp\/v2\/posts\/77018\/revisions"}],"predecessor-version":[{"id":77020,"href":"https:\/\/zonaroja.com.mx\/index.php?rest_route=\/wp\/v2\/posts\/77018\/revisions\/77020"}],"wp:featuredmedia":[{"embeddable":true,"href":"https:\/\/zonaroja.com.mx\/index.php?rest_route=\/wp\/v2\/media\/77019"}],"wp:attachment":[{"href":"https:\/\/zonaroja.com.mx\/index.php?rest_route=%2Fwp%2Fv2%2Fmedia&parent=77018"}],"wp:term":[{"taxonomy":"category","embeddable":true,"href":"https:\/\/zonaroja.com.mx\/index.php?rest_route=%2Fwp%2Fv2%2Fcategories&post=77018"},{"taxonomy":"post_tag","embeddable":true,"href":"https:\/\/zonaroja.com.mx\/index.php?rest_route=%2Fwp%2Fv2%2Ftags&post=77018"}],"curies":[{"name":"wp","href":"https:\/\/api.w.org\/{rel}","templated":true}]}}