{"id":77024,"date":"2025-01-30T11:08:00","date_gmt":"2025-01-30T17:08:00","guid":{"rendered":"https:\/\/zonaroja.com.mx\/?p=77024"},"modified":"2025-01-30T08:10:09","modified_gmt":"2025-01-30T14:10:09","slug":"plantea-legislador-crear-parlamento-de-personas-indigenas-y-afromexicanas","status":"publish","type":"post","link":"https:\/\/zonaroja.com.mx\/?p=77024","title":{"rendered":"Plantea legislador crear Parlamento de Personas Ind\u00edgenas y Afromexicanas"},"content":{"rendered":"\n<p>Redacci\u00f3n\/Zona Roja.<\/p>\n\n\n\n<p>Oaxaca de Ju\u00e1rez, Oax., a 30 de enero de 2025.- Para abonar en la construcci\u00f3n de una sociedad m\u00e1s justa e incluyente, as\u00ed como visibilizar, reducir las brechas de desigualdad y fortalecer la democracia e identidad como oaxaque\u00f1as y oaxaque\u00f1os, el presidente de la Junta de Coordinaci\u00f3n Pol\u00edtica (Jucopo) del Congreso local, Benjam\u00edn Viveros Montalvo, present\u00f3 ante el Pleno la iniciativa con proyecto de decreto para instaurar el Primer Parlamento de Personas Ind\u00edgenas y Afromexicanas en Oaxaca.<\/p>\n\n\n\n<p>Al subir a tribuna, Viveros Montalvo destac\u00f3 que este proyecto responde a la deuda hist\u00f3rica y a la urgente necesidad de garantizar la representaci\u00f3n efectiva de quienes han sido la base de la identidad y cultura de los pueblos originarios y que por siglos fueron marginados.&nbsp;<\/p>\n\n\n\n<p>\u201cLa creaci\u00f3n de este Parlamento no solo responde a una necesidad pol\u00edtica, tambi\u00e9n es una causa moral y humana, es una oportunidad para visibilizar las voces de estas comunidades y por ello constituye un acto de justicia hist\u00f3rica\u201d, sentenci\u00f3.<\/p>\n\n\n\n<p>El legislador explic\u00f3 que esta asamblea ser\u00e1 un espacio deliberativo, consultivo e incluyente, donde las demandas y propuestas ser\u00e1n atendidas de manera efectiva para consolidar un estado m\u00e1s plural y fortalecer la autonom\u00eda y autodeterminaci\u00f3n de los 16 pueblos ind\u00edgenas y afromexicanos.<\/p>\n\n\n\n<p>Permiti\u00e9ndoles con ello, resalt\u00f3, poder participar activamente en la creaci\u00f3n de leyes y pol\u00edticas p\u00fablicas que respeten su cultura, tradiciones, lenguas y derechos territoriales.<\/p>\n\n\n\n<p>\u201cTambi\u00e9n ser\u00e1 una plataforma para abordar temas claves como la justicia social, el derecho a la tierra, el acceso a los servicios b\u00e1sicos y a la promoci\u00f3n de la diversidad ling\u00fc\u00edstica y cultural\u201d, subray\u00f3.<\/p>\n\n\n\n<p>De acuerdo con el Censo 2020 del Instituto Nacional de Estad\u00edstica y Geograf\u00eda (INEGI), m\u00e1s del 45 por ciento de la poblaci\u00f3n oaxaque\u00f1a es ind\u00edgena, mientras que un porcentaje significativo de la poblaci\u00f3n afromexicana del pa\u00eds radica en la Costa Chica de Oaxaca.<\/p>\n\n\n\n<p>Sin embargo, manifest\u00f3 que los principales problemas a los que se enfrentan estas comunidades son a la exclusi\u00f3n, marginaci\u00f3n y a una limitada representaci\u00f3n pol\u00edtica.<\/p>\n\n\n\n<p>Por ello, a pesar de que el Estado mexicano reconozca el derecho de estas comunidades a la autodeterminaci\u00f3n y participar en los procesos electorales que inciden en el bienestar colectivo, a\u00fan falta mucho por hacer para cumplir con los compromisos adquiridos a trav\u00e9s de diversos tratados internacionales.<\/p>\n\n\n\n<p>De acuerdo con el documento del proyecto, el Parlamento se realizar\u00e1 el 09 de agosto de cada a\u00f1o, en el marco de la conmemoraci\u00f3n del D\u00eda Internacional de los Pueblos Ind\u00edgenas y ser\u00e1 la Junta de Coordinaci\u00f3n Pol\u00edtica (Jucopo) quien emitir\u00e1 la convocatoria y determinar\u00e1 el procedimiento para la elecci\u00f3n de las y los integrantes del mismo.<\/p>\n","protected":false},"excerpt":{"rendered":"<p>Redacci\u00f3n\/Zona Roja. Oaxaca de Ju\u00e1rez, Oax., a 30 de enero de 2025.- Para abonar en&hellip;<\/p>\n","protected":false},"author":2,"featured_media":77025,"comment_status":"closed","ping_status":"open","sticky":false,"template":"","format":"standard","meta":{"_lmt_disableupdate":"","_lmt_disable":"","_jetpack_memberships_contains_paid_content":false,"footnotes":""},"categories":[109,46],"tags":[3664],"class_list":["post-77024","post","type-post","status-publish","format-standard","has-post-thumbnail","hentry","category-minuto-a-minuto","category-zona-blanca","tag-benjamin-viveros-montalvo"],"jetpack_featured_media_url":"https:\/\/zonaroja.com.mx\/wp-content\/uploads\/2025\/01\/Dip.-Benjamin-Viveros_Parlamento2.jpg","jetpack_sharing_enabled":true,"_links":{"self":[{"href":"https:\/\/zonaroja.com.mx\/index.php?rest_route=\/wp\/v2\/posts\/77024","targetHints":{"allow":["GET"]}}],"collection":[{"href":"https:\/\/zonaroja.com.mx\/index.php?rest_route=\/wp\/v2\/posts"}],"about":[{"href":"https:\/\/zonaroja.com.mx\/index.php?rest_route=\/wp\/v2\/types\/post"}],"author":[{"embeddable":true,"href":"https:\/\/zonaroja.com.mx\/index.php?rest_route=\/wp\/v2\/users\/2"}],"replies":[{"embeddable":true,"href":"https:\/\/zonaroja.com.mx\/index.php?rest_route=%2Fwp%2Fv2%2Fcomments&post=77024"}],"version-history":[{"count":1,"href":"https:\/\/zonaroja.com.mx\/index.php?rest_route=\/wp\/v2\/posts\/77024\/revisions"}],"predecessor-version":[{"id":77026,"href":"https:\/\/zonaroja.com.mx\/index.php?rest_route=\/wp\/v2\/posts\/77024\/revisions\/77026"}],"wp:featuredmedia":[{"embeddable":true,"href":"https:\/\/zonaroja.com.mx\/index.php?rest_route=\/wp\/v2\/media\/77025"}],"wp:attachment":[{"href":"https:\/\/zonaroja.com.mx\/index.php?rest_route=%2Fwp%2Fv2%2Fmedia&parent=77024"}],"wp:term":[{"taxonomy":"category","embeddable":true,"href":"https:\/\/zonaroja.com.mx\/index.php?rest_route=%2Fwp%2Fv2%2Fcategories&post=77024"},{"taxonomy":"post_tag","embeddable":true,"href":"https:\/\/zonaroja.com.mx\/index.php?rest_route=%2Fwp%2Fv2%2Ftags&post=77024"}],"curies":[{"name":"wp","href":"https:\/\/api.w.org\/{rel}","templated":true}]}}