{"id":77027,"date":"2025-01-30T11:10:00","date_gmt":"2025-01-30T17:10:00","guid":{"rendered":"https:\/\/zonaroja.com.mx\/?p=77027"},"modified":"2025-01-30T12:02:54","modified_gmt":"2025-01-30T18:02:54","slug":"opinion-solo-pasaron-75-anos","status":"publish","type":"post","link":"https:\/\/zonaroja.com.mx\/?p=77027","title":{"rendered":"Opini\u00f3n. Solo pasaron 75 a\u00f1os"},"content":{"rendered":"\n<p>N\u00e9stor Y. S\u00e1nchez Islas<\/p>\n\n\n\n<p>La inauguraci\u00f3n y apertura a la circulaci\u00f3n de la nueva carretera al istmo de Tehuantepec lleg\u00f3 tarde y lleg\u00f3 mal. Pasaron 75 a\u00f1os desde que Miguel Alem\u00e1n inaugur\u00f3 la carretera Panamericana en mayo de 1950 para que se terminara una obra que vergonzosamente tard\u00f3 casi 20 en construirse, mucho m\u00e1s de lo que se tard\u00f3 la construcci\u00f3n del t\u00fanel bajo el Canal de la Mancha.<\/p>\n\n\n\n<p>Dejando de lado los esc\u00e1ndalos en el acto inaugural y el corriente protagonismo de los miembros de la 4T que se adjudican el m\u00e9rito como si ellos hubieran puesto su capital, la ruta entre Oaxaca capital y el istmo de Tehuantepec tiene una interesante historia marcada por la dificultad orogr\u00e1fica de nuestra tierra.\u00a0En los hechos, los caminos y carreteras que hoy seguimos transitando recorren las mismas veredas que trazaron los primeros habitantes. <\/p>\n\n\n\n<p>La ahora vieja carreta al istmo hace exactamente ese recorrido que pasa por Tlacolula, baja a Nejapa de Madero, lugar en donde est\u00e1 enterrado el \u00faltimo rey zapoteca, Cosijop\u00ed, continuaba hacia Yautepec y llegaba a Tehuantepec.\u00a0De nuestra capital hab\u00eda rutas prehisp\u00e1nicas hacia Veracruz, Huatulco, Acapulco, Puebla o Tehuac\u00e1n, pero fueron los Aztecas y su centralismo imperial los que en su necesidad de cobrar tributos y llevar riquezas de todo Mesoam\u00e9rica hacia\u00a0Tenochtitlan\u00a0los que crearon la primera red formal de caminos en lo que hoy es M\u00e9xico.<\/p>\n\n\n\n<p>Los espa\u00f1oles en su invasi\u00f3n y conquista siguieron las mismas rutas. Llegaron por Puebla y Tehuac\u00e1n y pronto alcanzaron el istmo de Tehuantepec, al que vieron desde entonces, el potencial de v\u00eda de comunicaci\u00f3n entre dos oc\u00e9anos. Fue en Salina Cruz en donde\u00a0levantaron\u00a0un r\u00fastico astillero para construir embarcaciones\u00a0y\u00a0hacer comercio de cabotaje por el litoral\u00a0o\u00a0lanzarse hacia Centroam\u00e9rica. <\/p>\n\n\n\n<p>A los espa\u00f1oles y su necesidad de conquista territorial siguieron las \u00f3rdenes religiosas y su\u00a0trabajo\u00a0de evangelizaci\u00f3n que los oblig\u00f3 a seguir las viejas veredas entre comunidades. La llegada de caballos y mulas de carga abri\u00f3 los primeros caminos de herradura, destacando el paso por Antequera, hoy Oaxaca, para llegar a la Capitan\u00eda de Guatemala\u00a0buscando las riquezas del Soconusco, sobre todo el cacao. No olvidemos que Chiapas, en ese entonces, pertenec\u00eda a esa capitan\u00eda y el istmo era\u00a0nuestra frontera.<\/p>\n\n\n\n<p>Contrario al desprecio que el r\u00e9gimen de la Revoluci\u00f3n sinti\u00f3 por Oaxaca por ser la tierra del General Porfirio D\u00edaz, Oaxaca tuvo una gran importancia en el M\u00e9xico colonial. La cochinilla que aqu\u00ed se produc\u00eda era la 4\u00aa generadora de riqueza del virreinato y, la ciudad de Oaxaca era la \u00faltima gran ciudad del sur de M\u00e9xico.&nbsp;Las rutas&nbsp;de salida&nbsp;hacia Tehuac\u00e1n y Puebla tuvieron una enorme importancia durante muchos a\u00f1os.<\/p>\n\n\n\n<p>El auge carretero mexicano del siglo XX inici\u00f3 con el presidente Calles en 1925 en que se inici\u00f3 la construcci\u00f3n y pavimentaci\u00f3n de las primeras carreteras, sobre todo en el norte y el baj\u00edo. La sinuosa carretera entre Puebla y Oaxaca se inaugur\u00f3 hasta 1943, aunque desde 1933 se tra\u00eda el proyecto de una carretera que comunicara la frontera de Nuevo Laredo en el norte con la frontera del Suchiate en el sur. <\/p>\n\n\n\n<p>Tardaron menos en aquellos tiempos en construir la carretera completa de norte a sur que lo que hoy se tom\u00f3 la construcci\u00f3n del tramo de Mitla a Tehuantepec.<\/p>\n\n\n\n<p>La construcci\u00f3n de la carretera Panamericana impact\u00f3 Oaxaca. Fue un poderoso v\u00ednculo hacia el istmo que se sent\u00eda mas unido con Coatzacoalcos, Villahermosa o Tuxtla Guti\u00e9rrez que con su capital.&nbsp;Hoy, a los istme\u00f1os se les hace m\u00e1s r\u00e1pido y c\u00f3modo ir a esas ciudades que acudir a la capital del estado, a la cual solo recurren por necesidad de tr\u00e1mites oficiales.<\/p>\n\n\n\n<p>La apertura de la nueva carretera llega muy tarde y pronto quedar\u00e1 rebasada su capacidad. La ciudad capital no tiene la infraestructura para soportar el tr\u00e1fico que se generar\u00e1 porque no se ha construido el libramiento sur. En este punto hay que recordar que quienes est\u00e1n hoy en el&nbsp;gobierno&nbsp;se opusieron a \u00e9l cuando andaban en la agitaci\u00f3n magisterial y de la APO.&nbsp;Ahora&nbsp;tienen el reto de encontrar una soluci\u00f3n al problema que ellos mismos&nbsp;inventaron.<\/p>\n\n\n\n<p>La nueva carretera es un hecho hist\u00f3rico m\u00e1s que pol\u00edtico y con esa perspectiva hay que verlo. No es m\u00e9rito de nadie m\u00e1s que del pueblo de M\u00e9xico que ha tenido que pagar el sobrecosto y la corrupci\u00f3n de un proyecto que cost\u00f3 diez veces m\u00e1s de lo que se ten\u00eda planeado en su inicio. <\/p>\n\n\n\n<p>Esta nueva carretera es un recordatorio de lo conflictivo que suele ser el oaxaque\u00f1o, de su mentalidad rentista y no productiva, del oportunismo pol\u00edtico de los rufianes metidos a luchadores sociales y de la falta de atenci\u00f3n al desarrollo del sur del pa\u00eds.<\/p>\n\n\n\n<p>Lo hist\u00f3rico no fue la inauguraci\u00f3n y sus protagonistas sino en que es la primera ruta&nbsp;hacia el istmo que no sigue los&nbsp;antiguos&nbsp;caminos y veredas. Tenemos ahora una nueva ruta hacia el Soconusco&nbsp;y sus riquezas, pero tambi\u00e9n para&nbsp;la&nbsp;droga y&nbsp;el crimen organizado.<\/p>\n\n\n\n<p>nestoryuri@yahoo.com<\/p>\n","protected":false},"excerpt":{"rendered":"<p>N\u00e9stor Y. S\u00e1nchez Islas La inauguraci\u00f3n y apertura a la circulaci\u00f3n de la nueva carretera&hellip;<\/p>\n","protected":false},"author":2,"featured_media":67897,"comment_status":"closed","ping_status":"open","sticky":false,"template":"","format":"standard","meta":{"_lmt_disableupdate":"","_lmt_disable":"","_jetpack_memberships_contains_paid_content":false,"footnotes":""},"categories":[456,109],"tags":[3050],"class_list":["post-77027","post","type-post","status-publish","format-standard","has-post-thumbnail","hentry","category-columna","category-minuto-a-minuto","tag-nestor-yuri-sanchez"],"jetpack_featured_media_url":"https:\/\/zonaroja.com.mx\/wp-content\/uploads\/2024\/05\/Opinion-Nestor-Yuri-Sanchez.jpeg","jetpack_sharing_enabled":true,"_links":{"self":[{"href":"https:\/\/zonaroja.com.mx\/index.php?rest_route=\/wp\/v2\/posts\/77027","targetHints":{"allow":["GET"]}}],"collection":[{"href":"https:\/\/zonaroja.com.mx\/index.php?rest_route=\/wp\/v2\/posts"}],"about":[{"href":"https:\/\/zonaroja.com.mx\/index.php?rest_route=\/wp\/v2\/types\/post"}],"author":[{"embeddable":true,"href":"https:\/\/zonaroja.com.mx\/index.php?rest_route=\/wp\/v2\/users\/2"}],"replies":[{"embeddable":true,"href":"https:\/\/zonaroja.com.mx\/index.php?rest_route=%2Fwp%2Fv2%2Fcomments&post=77027"}],"version-history":[{"count":1,"href":"https:\/\/zonaroja.com.mx\/index.php?rest_route=\/wp\/v2\/posts\/77027\/revisions"}],"predecessor-version":[{"id":77028,"href":"https:\/\/zonaroja.com.mx\/index.php?rest_route=\/wp\/v2\/posts\/77027\/revisions\/77028"}],"wp:featuredmedia":[{"embeddable":true,"href":"https:\/\/zonaroja.com.mx\/index.php?rest_route=\/wp\/v2\/media\/67897"}],"wp:attachment":[{"href":"https:\/\/zonaroja.com.mx\/index.php?rest_route=%2Fwp%2Fv2%2Fmedia&parent=77027"}],"wp:term":[{"taxonomy":"category","embeddable":true,"href":"https:\/\/zonaroja.com.mx\/index.php?rest_route=%2Fwp%2Fv2%2Fcategories&post=77027"},{"taxonomy":"post_tag","embeddable":true,"href":"https:\/\/zonaroja.com.mx\/index.php?rest_route=%2Fwp%2Fv2%2Ftags&post=77027"}],"curies":[{"name":"wp","href":"https:\/\/api.w.org\/{rel}","templated":true}]}}