{"id":77039,"date":"2025-01-30T20:06:51","date_gmt":"2025-01-31T02:06:51","guid":{"rendered":"https:\/\/zonaroja.com.mx\/?p=77039"},"modified":"2025-01-30T20:10:49","modified_gmt":"2025-01-31T02:10:49","slug":"que-nos-sumemos-que-no-dejemos-que-nuestras-personas-esten-desapareciendo","status":"publish","type":"post","link":"https:\/\/zonaroja.com.mx\/?p=77039","title":{"rendered":"\u201cQue nos sumemos, que no dejemos que nuestras personas est\u00e9n desapareciendo\u201d"},"content":{"rendered":"\n<p>Ismael Garc\u00eda M.\/Zona Roja.<\/p>\n\n\n\n<p>Oaxaca de Ju\u00e1rez, Oax., a 30 de enero de 2025.- \u201cEs un momento dif\u00edcil, de decir c\u00f3mo es que se siente (de) esta persona que falleci\u00f3 y la familia c\u00f3mo est\u00e1. Lo sentimos mucho, no quisi\u00e9ramos que estuvi\u00e9ramos las mam\u00e1s buscando a nuestros hijos\u201d.&nbsp;<\/p>\n\n\n\n<p>Son las palabras de la se\u00f1ora Marina, madre de Sandra Estefana Dom\u00ednguez, desaparecida hace casi cuatro meses en la zona Mixe de Oaxaca, sobre la muerte de un agente federal ayer, en operativos de b\u00fasqueda de su hija.<\/p>\n\n\n\n<p>\u201cDeber\u00edamos estar ah\u00ed tranquilas, pero no es as\u00ed, lamentablemente hay mucha inseguridad, si estuvi\u00e9ramos seguros no estuvieran desapareciendo j\u00f3venes, ni\u00f1as, ni\u00f1os\u2026 no quisi\u00e9ramos que desaparecieran m\u00e1s ni\u00f1os, j\u00f3venes, que estuvi\u00e9ramos libres para ir de aqu\u00ed para all\u00e1, sin sentir miedo. Como mam\u00e1 me siento muy triste por lo que est\u00e1 pasando en nuestro estado\u201d, expresa.<\/p>\n\n\n\n<p>En la conferencia de prensa de este jueves desde el z\u00f3calo de la capital, la mujer insiste en su llamado:<\/p>\n\n\n\n<p>\u201cQue nos sumemos las mujeres, que no dejemos que nuestras personas est\u00e9n desapareciendo todo el tiempo, hay que protestar, hay que unirnos como mujeres\u201d.<\/p>\n\n\n\n<p>LAMENTAN HECHOS<\/p>\n\n\n\n<p>Previo a ello, Kisha Dom\u00ednguez, junto con Kenia, hermanas de Sandra, ley\u00f3 un comunicado, en que la familia lament\u00f3 los hechos ocurridos ayer en Veracruz, l\u00edmites con Oaxaca, durante un operativo para detener a los presuntos secuestradores de la activista y que dej\u00f3 como saldo tres probables delincuentes abatidos y un elemento federal muerto.<\/p>\n\n\n\n<p>\u201cA trav\u00e9s de los medios de comunicaci\u00f3n, hemos tenido conocimiento de un reciente enfrentamiento armado en el que lamentablemente perdi\u00f3 la vida un agente federal del grupo antisecuestros, as\u00ed como tres de los responsables implicados en hechos relacionados con la desaparici\u00f3n de Sandra.<\/p>\n\n\n\n<figure class=\"wp-block-embed is-type-rich is-provider-twitter wp-block-embed-twitter\"><div class=\"wp-block-embed__wrapper\">\n<div class=\"twitter-tweet\"><blockquote class=\"twitter-tweet\" data-lang=\"es\"><p lang=\"es\" dir=\"ltr\"><a href=\"https:\/\/twitter.com\/hashtag\/ENVIVO?src=hash&amp;ref_src=twsrc%5Etfw\">#ENVIVO<\/a><br>Oaxaca, Oax., 30 de enero de 2025.- Conferencia de prensa de familiares de Sandra Dom\u00ednguez y <a href=\"https:\/\/twitter.com\/consorciooaxaca?ref_src=twsrc%5Etfw\">@consorciooaxaca<\/a>, sobre los recientes hechos, luego de la desaparici\u00f3n de la joven y su pareja, el pasado 4 de octubre.<br>\ud83d\udc47<a href=\"https:\/\/t.co\/FjLlTa9hpd\">https:\/\/t.co\/FjLlTa9hpd<\/a>?<\/p>&mdash; Zona Roja Oaxaca (@ZonaRoja_Oaxaca) <a href=\"https:\/\/twitter.com\/ZonaRoja_Oaxaca\/status\/1885044938770940266?ref_src=twsrc%5Etfw\">30 de enero de 2025<\/a><\/blockquote><\/div>\n<\/div><\/figure>\n\n\n\n<p>\u201cLamentamos profundamente el fallecimiento del agente federal y extendemos nuestras condolencias a su familia.&nbsp;<\/p>\n\n\n\n<p>\u201cSin embargo, no podemos dejar de se\u00f1alar que este tipo de situaciones reflejan la grave crisis de violencia que afecta a tantas familias en nuestro pa\u00eds, y que, mientras se resuelven estos casos, muchas personas contin\u00faan sufriendo la desaparici\u00f3n de sus seres queridos\u201d.<\/p>\n\n\n\n<p>Los familiares de la v\u00edctima demandaron que se act\u00fae con urgencia para garantizar la liberaci\u00f3n de Sandra y de todos los desaparecidos. \u201cEl Estado tiene la obligaci\u00f3n de frenar esta ola de violencia que ya ha arrebatado la paz y la seguridad de tantas comunidades\u201d.<\/p>\n\n\n\n<p>Las integrantes del Komite P\u00ebjy Tyotk, Comit\u00e9 de Familiares y Amigos en B\u00fasqueda de la Defensora Sandra Estefana Dom\u00ednguez, lamentaron que sigan sin conocer el paradero de la abogada y su pareja, desaparecidos el 4 de octubre de 2024 en San Juan Cotzoc\u00f3n Mixe, colindancia con Veracruz.<\/p>\n\n\n\n<p>COORDINACI\u00d3N CON FISCAL\u00cd<\/p>\n\n\n\n<p>Por su parte, Y\u00e9sica S\u00e1nchez Maya, responsable de la asociaci\u00f3n Consorcio Oaxaca, reconoci\u00f3 la labor y coordinaci\u00f3n con la Fiscal\u00eda General del Estado de Oaxaca.<\/p>\n\n\n\n<p>\u201cDespu\u00e9s del desagradable encuentro con la estructura del Poder Ejecutivo, la interlocuci\u00f3n ha sido directamente con la Fiscal\u00eda del Estado y justamente hoy por la ma\u00f1ana tuvimos una reuni\u00f3n que se coment\u00f3 esta situaci\u00f3n.&nbsp;<\/p>\n\n\n\n<p>\u201cTodav\u00eda no se tienen indicadores contundentes del probable paradero de la defensora de derechos, estamos a la espera de que se avance un poco m\u00e1s \u00e1gil, este operativo se hace casi a punto de cumplir cuatro meses, los procesos van lentos y el tiempo nos va ganando\u201d, remarc\u00f3.<\/p>\n","protected":false},"excerpt":{"rendered":"<p>Ismael Garc\u00eda M.\/Zona Roja. Oaxaca de Ju\u00e1rez, Oax., a 30 de enero de 2025.- \u201cEs&hellip;<\/p>\n","protected":false},"author":2,"featured_media":77041,"comment_status":"closed","ping_status":"open","sticky":false,"template":"","format":"standard","meta":{"_lmt_disableupdate":"","_lmt_disable":"","_jetpack_memberships_contains_paid_content":false,"footnotes":""},"categories":[109,47],"tags":[4086],"class_list":["post-77039","post","type-post","status-publish","format-standard","has-post-thumbnail","hentry","category-minuto-a-minuto","category-zona-gris","tag-sandra-dominguez"],"jetpack_featured_media_url":"https:\/\/zonaroja.com.mx\/wp-content\/uploads\/2025\/01\/Sandra-Dominguez-madre-desaparecida.jpg","jetpack_sharing_enabled":true,"_links":{"self":[{"href":"https:\/\/zonaroja.com.mx\/index.php?rest_route=\/wp\/v2\/posts\/77039","targetHints":{"allow":["GET"]}}],"collection":[{"href":"https:\/\/zonaroja.com.mx\/index.php?rest_route=\/wp\/v2\/posts"}],"about":[{"href":"https:\/\/zonaroja.com.mx\/index.php?rest_route=\/wp\/v2\/types\/post"}],"author":[{"embeddable":true,"href":"https:\/\/zonaroja.com.mx\/index.php?rest_route=\/wp\/v2\/users\/2"}],"replies":[{"embeddable":true,"href":"https:\/\/zonaroja.com.mx\/index.php?rest_route=%2Fwp%2Fv2%2Fcomments&post=77039"}],"version-history":[{"count":1,"href":"https:\/\/zonaroja.com.mx\/index.php?rest_route=\/wp\/v2\/posts\/77039\/revisions"}],"predecessor-version":[{"id":77042,"href":"https:\/\/zonaroja.com.mx\/index.php?rest_route=\/wp\/v2\/posts\/77039\/revisions\/77042"}],"wp:featuredmedia":[{"embeddable":true,"href":"https:\/\/zonaroja.com.mx\/index.php?rest_route=\/wp\/v2\/media\/77041"}],"wp:attachment":[{"href":"https:\/\/zonaroja.com.mx\/index.php?rest_route=%2Fwp%2Fv2%2Fmedia&parent=77039"}],"wp:term":[{"taxonomy":"category","embeddable":true,"href":"https:\/\/zonaroja.com.mx\/index.php?rest_route=%2Fwp%2Fv2%2Fcategories&post=77039"},{"taxonomy":"post_tag","embeddable":true,"href":"https:\/\/zonaroja.com.mx\/index.php?rest_route=%2Fwp%2Fv2%2Ftags&post=77039"}],"curies":[{"name":"wp","href":"https:\/\/api.w.org\/{rel}","templated":true}]}}