{"id":7704,"date":"2020-01-15T11:44:28","date_gmt":"2020-01-15T17:44:28","guid":{"rendered":"https:\/\/www.zonaroja.com.mx\/?p=7704"},"modified":"2020-01-15T11:45:44","modified_gmt":"2020-01-15T17:45:44","slug":"la-uabjo-se-queda-sin-dinero-para-pago-de-nomina-no-hay-presupuesto","status":"publish","type":"post","link":"https:\/\/zonaroja.com.mx\/?p=7704","title":{"rendered":"La UABJO se queda sin dinero para pago de n\u00f3mina; no hay presupuesto"},"content":{"rendered":"\n<p class=\"MsoNormal\">Yuridiana Sosa\/Zona Roja<\/p>\n\n\n\n<p class=\"MsoNormal\">Oaxaca de Ju\u00e1rez, Oax.,15 de enero de 2020.- La Rector\u00eda de la Universidad Aut\u00f3noma \u201cBenito Ju\u00e1rez\u201d de Oaxaca (UABJO) anunci\u00f3 hoy que la instituci\u00f3n no cuenta con recursos financieros para solventar la n\u00f3mina de la primera quincena de enero, de m\u00e1s de cuatro mil trabajadores. <\/p>\n\n\n\n<p class=\"MsoNormal\">El rector Eduardo Bautista Mart\u00ednez se reuni\u00f3 hoy con directores de institutos, facultades y escuelas para informar que la falta de pago es un asunto t\u00e9cnico y financiero, que no est\u00e1 relacionado al tema pol\u00edtico; situaci\u00f3n que afecta a miles de docentes y personal administrativo de la UABJO.<\/p>\n\n\n\n<p class=\"MsoNormal\">Bautista Mart\u00ednez indic\u00f3 que no existe una fecha para que el Gobierno del Estado realice el dep\u00f3sito, y a su vez se pueda tramitar el pago de la n\u00f3mina, por lo que pidi\u00f3 la compresi\u00f3n de la comunidad universitaria.<\/p>\n\n\n\n<p class=\"MsoNormal\">La UABJO tiene unidades acad\u00e9micas afectadas en la capital del estado, en Huajuapan de Le\u00f3n, en Puerto Escondido y en las ubicadas en la regi\u00f3n del Istmo.<\/p>\n\n\n\n<p class=\"MsoNormal\"><strong>Sindicato pide dinero&nbsp;<\/strong><\/p>\n\n\n\n<p class=\"MsoNormal\">Por su parte, el Sindicato de Trabajadores y Empleados de la UABJO (STEUABJO) cumplen tres d\u00edas de movilizaciones en exigencia de bases laborales para sus agremiados eventuales, as\u00ed como incremento salarial de 20 por ciento.<\/p>\n\n\n\n<p class=\"MsoNormal\">Los sindicalizados se manifiestan este mi\u00e9rcoles frente al Palacio de Gobierno en la capital, mientras que este martes realizaron bloqueo en el crucero de Cinco Se\u00f1ores y se apoderaron de m\u00e1s de una docena de unidades del trasporte urbano. <\/p>\n","protected":false},"excerpt":{"rendered":"<p>Yuridiana Sosa\/Zona Roja Oaxaca de Ju\u00e1rez, Oax.,15 de enero de 2020.- La Rector\u00eda de la&hellip;<\/p>\n","protected":false},"author":2,"featured_media":7706,"comment_status":"closed","ping_status":"open","sticky":false,"template":"","format":"standard","meta":{"_lmt_disableupdate":"","_lmt_disable":"","_jetpack_memberships_contains_paid_content":false,"footnotes":""},"categories":[109,47],"tags":[282],"class_list":["post-7704","post","type-post","status-publish","format-standard","has-post-thumbnail","hentry","category-minuto-a-minuto","category-zona-gris","tag-universidad-autonoma-benito-juarez-de-oaxaca"],"jetpack_featured_media_url":"https:\/\/zonaroja.com.mx\/wp-content\/uploads\/2020\/01\/eab2441a-f36c-4206-8e75-7a10bd1f7c7e-1.jpg","jetpack_sharing_enabled":true,"_links":{"self":[{"href":"https:\/\/zonaroja.com.mx\/index.php?rest_route=\/wp\/v2\/posts\/7704","targetHints":{"allow":["GET"]}}],"collection":[{"href":"https:\/\/zonaroja.com.mx\/index.php?rest_route=\/wp\/v2\/posts"}],"about":[{"href":"https:\/\/zonaroja.com.mx\/index.php?rest_route=\/wp\/v2\/types\/post"}],"author":[{"embeddable":true,"href":"https:\/\/zonaroja.com.mx\/index.php?rest_route=\/wp\/v2\/users\/2"}],"replies":[{"embeddable":true,"href":"https:\/\/zonaroja.com.mx\/index.php?rest_route=%2Fwp%2Fv2%2Fcomments&post=7704"}],"version-history":[{"count":1,"href":"https:\/\/zonaroja.com.mx\/index.php?rest_route=\/wp\/v2\/posts\/7704\/revisions"}],"predecessor-version":[{"id":7705,"href":"https:\/\/zonaroja.com.mx\/index.php?rest_route=\/wp\/v2\/posts\/7704\/revisions\/7705"}],"wp:featuredmedia":[{"embeddable":true,"href":"https:\/\/zonaroja.com.mx\/index.php?rest_route=\/wp\/v2\/media\/7706"}],"wp:attachment":[{"href":"https:\/\/zonaroja.com.mx\/index.php?rest_route=%2Fwp%2Fv2%2Fmedia&parent=7704"}],"wp:term":[{"taxonomy":"category","embeddable":true,"href":"https:\/\/zonaroja.com.mx\/index.php?rest_route=%2Fwp%2Fv2%2Fcategories&post=7704"},{"taxonomy":"post_tag","embeddable":true,"href":"https:\/\/zonaroja.com.mx\/index.php?rest_route=%2Fwp%2Fv2%2Ftags&post=7704"}],"curies":[{"name":"wp","href":"https:\/\/api.w.org\/{rel}","templated":true}]}}