{"id":77047,"date":"2025-01-30T21:44:27","date_gmt":"2025-01-31T03:44:27","guid":{"rendered":"https:\/\/zonaroja.com.mx\/?p=77047"},"modified":"2025-01-30T21:44:29","modified_gmt":"2025-01-31T03:44:29","slug":"con-supercarretera-al-istmo-el-turismo-sera-motor-de-desarrollo-economico-y-social","status":"publish","type":"post","link":"https:\/\/zonaroja.com.mx\/?p=77047","title":{"rendered":"Con supercarretera al Istmo, el turismo ser\u00e1 motor de desarrollo econ\u00f3mico y social"},"content":{"rendered":"\n<p>Redacci\u00f3n\/Zona Roja.&nbsp;<\/p>\n\n\n\n<p>Oaxaca de Ju\u00e1rez, Oax. 30 de enero de 2025.- Oaxaca, la regi\u00f3n de la Costa y el Istmo de Tehuantepec, viven una \u00e9poca hist\u00f3rica con los gobiernos de Salom\u00f3n Jara y Claudia Sheinbaum, porque se han sentado las bases y la infraestructura para detonar el desarrollo econ\u00f3mico y social, e impulsar el progreso de las familias oaxaque\u00f1as, se\u00f1al\u00f3 la secretaria de Turismo (Sectur) Saymi Pineda Velasco.<\/p>\n\n\n\n<p>Destac\u00f3 que con la Presidenta Sheinbaum se logr\u00f3 concretar el largo sue\u00f1o que estuvo olvidado por los gobiernos del pasado y luego de 23 a\u00f1os Oaxaca cuenta con una nueva infraestructura vial al Istmo de Tehuantepec con una longitud de 169 kil\u00f3metros para mejorar la movilidad de las personas, productos y servicios.<\/p>\n\n\n\n<p>Pineda Velasco destac\u00f3 que en materia tur\u00edstica se ha trabajado de manera muy intensa para lograr que la derrama econ\u00f3mica se incremente y llegue a todos los sectores sociales, por lo que esta v\u00eda se convertir\u00e1 en el motor de desarrollo del sur sureste de M\u00e9xico al conectar a la capital con esta regi\u00f3n, que ahora est\u00e1 a dos horas y media de traslado.<\/p>\n\n\n\n<p>Esta v\u00eda impulsa la generaci\u00f3n de miles de empleos y con el Corredor Interoce\u00e1nico del Istmo de Tehuantepec (CIIT) detonar\u00e1 el turismo y el desarrollo integral y sustentable, se\u00f1al\u00f3 la titular de la Sectur Oaxaca, quien inici\u00f3 el a\u00f1o con una gran actividad para promover los destinos oaxaque\u00f1os en los mercados nacionales e internacionales.<\/p>\n\n\n\n<p>Pineda Velasco destac\u00f3 que esta conectividad se suma a la conexi\u00f3n a\u00e9rea de la ruta AIFA \u2013 Ciudad Ixtepec con Mexicana de Aviaci\u00f3n, con operaciones los lunes, mi\u00e9rcoles y viernes, \u201cva a detonar la actividad tur\u00edstica de la Ruta del Istmo integrada por Santa Mar\u00eda Jalapa del Marqu\u00e9s, Santo Domingo Tehuantepec, Salina Cruz, Juchit\u00e1n de Zaragoza, Ciudad Ixtepec, Magdalena Tlacotepec y Santiago Laollaga\u201d.<\/p>\n\n\n\n<p>Dijo que esta ruta tur\u00edstica destaca por sus atractivos hist\u00f3ricos, naturales y gastron\u00f3micos, incluidos los pueblos que conservan la tradici\u00f3n de sus Velas, las fiestas tradicionales que destacan por sus ra\u00edces hist\u00f3ricas y sociales.<\/p>\n\n\n\n<p>Pineda Velasco indic\u00f3 que a finales del 2024 sostuvo una reuni\u00f3n con representantes de 19 ayuntamientos de la regi\u00f3n para presentar los objetivos y alcances del Programa de Desarrollo Tur\u00edstico Integral en Torno al Corredor Interoce\u00e1nico del Istmo de Tehuantepec y se abordaron proyectos como el Centro Cultural del Istmo (Vel\u00f3dromo), y estrategias de promoci\u00f3n conjunta para fortalecer el sector tur\u00edstico, los cuales se apuntalan con la nueva carretera que significa una v\u00eda al desarrollo del estado.<\/p>\n","protected":false},"excerpt":{"rendered":"<p>Redacci\u00f3n\/Zona Roja.&nbsp; Oaxaca de Ju\u00e1rez, Oax. 30 de enero de 2025.- Oaxaca, la regi\u00f3n de&hellip;<\/p>\n","protected":false},"author":2,"featured_media":77049,"comment_status":"closed","ping_status":"open","sticky":false,"template":"","format":"standard","meta":{"_lmt_disableupdate":"","_lmt_disable":"","_jetpack_memberships_contains_paid_content":false,"footnotes":""},"categories":[109,46],"tags":[1031],"class_list":["post-77047","post","type-post","status-publish","format-standard","has-post-thumbnail","hentry","category-minuto-a-minuto","category-zona-blanca","tag-secretaria-de-turismo-oaxaca"],"jetpack_featured_media_url":"https:\/\/zonaroja.com.mx\/wp-content\/uploads\/2025\/01\/Supercarretera-al-Istmo.jpg","jetpack_sharing_enabled":true,"_links":{"self":[{"href":"https:\/\/zonaroja.com.mx\/index.php?rest_route=\/wp\/v2\/posts\/77047","targetHints":{"allow":["GET"]}}],"collection":[{"href":"https:\/\/zonaroja.com.mx\/index.php?rest_route=\/wp\/v2\/posts"}],"about":[{"href":"https:\/\/zonaroja.com.mx\/index.php?rest_route=\/wp\/v2\/types\/post"}],"author":[{"embeddable":true,"href":"https:\/\/zonaroja.com.mx\/index.php?rest_route=\/wp\/v2\/users\/2"}],"replies":[{"embeddable":true,"href":"https:\/\/zonaroja.com.mx\/index.php?rest_route=%2Fwp%2Fv2%2Fcomments&post=77047"}],"version-history":[{"count":1,"href":"https:\/\/zonaroja.com.mx\/index.php?rest_route=\/wp\/v2\/posts\/77047\/revisions"}],"predecessor-version":[{"id":77050,"href":"https:\/\/zonaroja.com.mx\/index.php?rest_route=\/wp\/v2\/posts\/77047\/revisions\/77050"}],"wp:featuredmedia":[{"embeddable":true,"href":"https:\/\/zonaroja.com.mx\/index.php?rest_route=\/wp\/v2\/media\/77049"}],"wp:attachment":[{"href":"https:\/\/zonaroja.com.mx\/index.php?rest_route=%2Fwp%2Fv2%2Fmedia&parent=77047"}],"wp:term":[{"taxonomy":"category","embeddable":true,"href":"https:\/\/zonaroja.com.mx\/index.php?rest_route=%2Fwp%2Fv2%2Fcategories&post=77047"},{"taxonomy":"post_tag","embeddable":true,"href":"https:\/\/zonaroja.com.mx\/index.php?rest_route=%2Fwp%2Fv2%2Ftags&post=77047"}],"curies":[{"name":"wp","href":"https:\/\/api.w.org\/{rel}","templated":true}]}}