{"id":77051,"date":"2025-01-30T21:58:29","date_gmt":"2025-01-31T03:58:29","guid":{"rendered":"https:\/\/zonaroja.com.mx\/?p=77051"},"modified":"2025-01-30T22:29:10","modified_gmt":"2025-01-31T04:29:10","slug":"confirma-trump-que-no-hay-sobrevivientes-de-accidente-aereo-culpa-a-biden","status":"publish","type":"post","link":"https:\/\/zonaroja.com.mx\/?p=77051","title":{"rendered":"Confirma Trump que no hay sobrevivientes de accidente a\u00e9reo; culpa a Biden"},"content":{"rendered":"\n<p>Redacci\u00f3n\/Zona Roja Cdmx.<\/p>\n\n\n\n<p>Ciudad de M\u00e9xico, a 30 de enero de 2025.- El presidente estadounidense Donald Trump se ha dirigido a la naci\u00f3n en rueda de prensa para ofrecer actualizaciones sobre el accidente a\u00e9reo que se produjo la noche del mi\u00e9rcoles en Washington D.C.<\/p>\n\n\n\n<p>\u00abLamentablemente, no hay supervivientes. Esta fue una noche oscura e insoportable en la capital de nuestra naci\u00f3n y en nuestra historia, y una tragedia de proporciones terribles\u00bb, afirm\u00f3&nbsp;el presidente.<\/p>\n\n\n\n<p>\u00abEsto ha conmocionado a mucha gente, incluso de otros pa\u00edses que estuvieron en el vuelo. [\u2026] En Rusia, tenemos un contingente ruso de gente muy talentosa que desafortunadamente estaba en ese avi\u00f3n. Sentimos mucho su p\u00e9rdida. [\u2026] S\u00f3lo podemos empezar a imaginar la agon\u00eda que est\u00e1n sintiendo\u00bb, declar\u00f3 Trump.<\/p>\n\n\n\n<p>El mandatario arremeti\u00f3 contra el expresidente Joe Biden por rebajar los est\u00e1ndares de empleo para el control del tr\u00e1fico a\u00e9reo. Record\u00f3 que despu\u00e9s de asumir la presidencia por primera vez en 2016 elev\u00f3 los est\u00e1ndares de empleo en este \u00e1mbito por que \u00absiempre sent\u00eda que este era un trabajo que deb\u00eda ser de inteligencia superior\u00bb.<\/p>\n\n\n\n<p>\u00abY luego, cuando dej\u00e9 el cargo y Biden lo asumi\u00f3, los cambi\u00f3 de nuevo a un nivel m\u00e1s bajo que nunca. Yo pon\u00eda la seguridad por encima. Obama, Biden, y los dem\u00f3cratas pon\u00edan la pol\u00edtica por encima\u00bb, conden\u00f3.<\/p>\n\n\n\n<p>Igualmente acus\u00f3 a los dem\u00f3cratas de haber puesto la pol\u00edtica \u00aba un nivel que nadie ha visto nunca porque este fue el nivel m\u00e1s bajo\u00bb.<\/p>\n\n\n\n<p>\u00abComo saben, la semana pasada, mucho antes del accidente, firm\u00e9 una orden ejecutiva restaurando normas m\u00e1s estrictas para los controladores a\u00e9reos y otros puestos de trabajo importantes en todo el pa\u00eds\u00bb, mencion\u00f3 el jefe de Estado.<\/p>\n\n\n\n<p>El mandatario record\u00f3 que, a lo largo de a\u00f1os, ha visto tragedias como esta, y a las autoridades siempre decir que estaban investigando, mientras que se tomaba a\u00f1os en introducir algunas buenas ideas para rectificar los errores.<\/p>\n\n\n\n<p>\u00abPero vamos a averiguar c\u00f3mo ocurri\u00f3 este desastre, y nos aseguraremos de que no vuelva a suceder\u00bb, asegur\u00f3.<\/p>\n\n\n\n<p>\u00bfPueden ser controladores a\u00e9reos?<\/p>\n\n\n\n<p>Prometiendo \u00abrestaurar la fe en el transporte a\u00e9reo estadounidense\u00bb, el presidente se centr\u00f3 en algunas de las normas introducidas antes de que asumiera el cargo este mes.<\/p>\n\n\n\n<p>\u00abY aqu\u00ed hay una. El impulso a la diversidad de la FAA [Administraci\u00f3n Federal de Aviaci\u00f3n] incluye la contrataci\u00f3n de personas con discapacidades intelectuales y psiqui\u00e1tricas graves. Es asombroso. Y luego, la FAA dice que las personas con discapacidades graves son m\u00e1s subrepresentadas en la laboral, y los quieren. \u00bfPueden ser controladores a\u00e9reos? No lo creo\u00bb, critic\u00f3.<\/p>\n\n\n\n<p>Asimismo, resalt\u00f3 que la FAA prosigui\u00f3 a emplear a personas con tales discapacitaciones bajo la pol\u00edtica de diversidad e inclusi\u00f3n. Se\u00f1al\u00f3 que tales pr\u00e1cticas contribu\u00edan a que se acortaran sus vidas a causa del estr\u00e9s que supone este tipo de trabajo.<\/p>\n\n\n\n<p>Entre las discapacidades indicadas en la web de la FAA como consideradas para el reclutamiento, enumer\u00f3 la disminuci\u00f3n auditiva, de la visi\u00f3n, la falta de extremidades, la par\u00e1lisis parcial y completa, la epilepsia, la discapacidad intelectual grave, la discapacidad psiqui\u00e1trica y el enanismo.<\/p>\n\n\n\n<p>\u00abDemasiados blancos\u00bb<\/p>\n\n\n\n<p>\u00abUn grupo dentro de la FAA, otra historia, determin\u00f3 que la plantilla era demasiado blanca, e hicieron esfuerzos concertados para conseguir que la Administraci\u00f3n cambiara eso y que lo cambiara inmediatamente\u00bb, dijo Trump.<\/p>\n\n\n\n<p>El presidente precis\u00f3 que \u00abesto fue en la Administraci\u00f3n Obama\u00bb justo antes de que \u00e9l llegara a la Casa Blanca.<\/p>\n\n\n\n<p>\u00abEn realidad, salieron con una directiva &#8216;demasiados blancos&#8217;. Y nosotros queremos a la gente competente. Pero ahora estamos de luto y rezamos\u00bb, indic\u00f3.<\/p>\n\n\n\n<p>\u00abLa tragedia no habr\u00eda ocurrido\u00bb.<\/p>\n\n\n\n<p>El presidente&nbsp;compar\u00f3 el trabajo de controlados de tr\u00e1fico a\u00e9reo con \u00abel ajedrez de m\u00e1ximo nivel\u201d.<\/p>\n\n\n\n<p>\u00abTienes 60 aviones llegando durante un corto per\u00edodo de tiempo, y todos vienen en diferentes direcciones. Y est\u00e1s tratando con un trabajo inform\u00e1tico de muy alto nivel y ordenadores muy complejos\u00bb, explic\u00f3.<\/p>\n\n\n\n<p>En esta l\u00ednea,&nbsp;reflexion\u00f3 por un rato en voz alta sobre la posici\u00f3n y direcci\u00f3n del helic\u00f3ptero respecto al avi\u00f3n antes de la colisi\u00f3n, sugiriendo que \u00abla tragedia no habr\u00eda ocurrido\u00bb si la aeronave militar hubiera recibido instrucciones de vuelo adecuadas y oportunas.<\/p>\n\n\n\n<p>Asimismo, cuestion\u00f3 las acciones de los militares en condiciones de buena visibilidad de las luces del avi\u00f3n que iba a aterrizar, pero lo dej\u00f3 a cargo de los investigadores determinar las causas del desastre y los errores cometidos.<\/p>\n\n\n\n<p>Un avi\u00f3n de pasajeros de la aerol\u00ednea American Airlines que realizaba un vuelo interno, operado por PSA Airlines, entre Wichita y Washington D.C.&nbsp;choc\u00f3&nbsp;la noche de este mi\u00e9rcoles contra un helic\u00f3ptero militar cuando aterrizaba en el aeropuerto nacional Ronald Reagan.<\/p>\n\n\n\n<p>A bordo del Bombardier CRJ-700 accidentado iban&nbsp;60 pasajeros y 4 miembros de la tripulaci\u00f3n. Volaba a 121 metros de altitud y a una velocidad de alrededor de 225 km\/h cuando sufri\u00f3 una r\u00e1pida p\u00e9rdida de altitud tras chocar contra un helic\u00f3ptero Sikorsky H-60 Black Hawk, con tres militares a bordo.<\/p>\n\n\n\n<p>(Informaci\u00f3n de Actualidad RT)<\/p>\n","protected":false},"excerpt":{"rendered":"<p>Redacci\u00f3n\/Zona Roja Cdmx. Ciudad de M\u00e9xico, a 30 de enero de 2025.- El presidente estadounidense&hellip;<\/p>\n","protected":false},"author":2,"featured_media":77052,"comment_status":"closed","ping_status":"open","sticky":false,"template":"","format":"standard","meta":{"_lmt_disableupdate":"","_lmt_disable":"","_jetpack_memberships_contains_paid_content":false,"footnotes":""},"categories":[109,47],"tags":[1060],"class_list":["post-77051","post","type-post","status-publish","format-standard","has-post-thumbnail","hentry","category-minuto-a-minuto","category-zona-gris","tag-donald-trump"],"jetpack_featured_media_url":"https:\/\/zonaroja.com.mx\/wp-content\/uploads\/2025\/01\/Donald-Trump.jpg.webp","jetpack_sharing_enabled":true,"_links":{"self":[{"href":"https:\/\/zonaroja.com.mx\/index.php?rest_route=\/wp\/v2\/posts\/77051","targetHints":{"allow":["GET"]}}],"collection":[{"href":"https:\/\/zonaroja.com.mx\/index.php?rest_route=\/wp\/v2\/posts"}],"about":[{"href":"https:\/\/zonaroja.com.mx\/index.php?rest_route=\/wp\/v2\/types\/post"}],"author":[{"embeddable":true,"href":"https:\/\/zonaroja.com.mx\/index.php?rest_route=\/wp\/v2\/users\/2"}],"replies":[{"embeddable":true,"href":"https:\/\/zonaroja.com.mx\/index.php?rest_route=%2Fwp%2Fv2%2Fcomments&post=77051"}],"version-history":[{"count":1,"href":"https:\/\/zonaroja.com.mx\/index.php?rest_route=\/wp\/v2\/posts\/77051\/revisions"}],"predecessor-version":[{"id":77053,"href":"https:\/\/zonaroja.com.mx\/index.php?rest_route=\/wp\/v2\/posts\/77051\/revisions\/77053"}],"wp:featuredmedia":[{"embeddable":true,"href":"https:\/\/zonaroja.com.mx\/index.php?rest_route=\/wp\/v2\/media\/77052"}],"wp:attachment":[{"href":"https:\/\/zonaroja.com.mx\/index.php?rest_route=%2Fwp%2Fv2%2Fmedia&parent=77051"}],"wp:term":[{"taxonomy":"category","embeddable":true,"href":"https:\/\/zonaroja.com.mx\/index.php?rest_route=%2Fwp%2Fv2%2Fcategories&post=77051"},{"taxonomy":"post_tag","embeddable":true,"href":"https:\/\/zonaroja.com.mx\/index.php?rest_route=%2Fwp%2Fv2%2Ftags&post=77051"}],"curies":[{"name":"wp","href":"https:\/\/api.w.org\/{rel}","templated":true}]}}