{"id":77054,"date":"2025-01-31T07:39:06","date_gmt":"2025-01-31T13:39:06","guid":{"rendered":"https:\/\/zonaroja.com.mx\/?p=77054"},"modified":"2025-01-31T07:39:10","modified_gmt":"2025-01-31T13:39:10","slug":"istmo-violento-tres-ejecutados-y-bebe-lesionado-de-bala","status":"publish","type":"post","link":"https:\/\/zonaroja.com.mx\/?p=77054","title":{"rendered":"Istmo violento: tres ejecutados y beb\u00e9 lesionado de bala"},"content":{"rendered":"\n<p>Ismael Garc\u00eda M.\/Zona Roja.<\/p>\n\n\n\n<p>Oaxaca de Ju\u00e1rez, Oax., a 31 de enero de 2025.- Tres personas asesinadas a balazos, dos de ellas con huellas de ejecuci\u00f3n, y un beb\u00e9 herido de gravedad por disparos de arma de fuego, es el saldo violento de ayer en la regi\u00f3n del Istmo de Tehuantepec.<\/p>\n\n\n\n<p>Ayer en la agencia Ensenada La Ventosa del municipio de Salina Cruz, un padre y su hijo fueron atacados a balazos; el individuo identificado como Ra\u00fal R. V., perdi\u00f3 la vida en el lugar.<\/p>\n\n\n\n<p>Mientras que param\u00e9dicos trasladaron al hospital de ciudad y puerto a un menor de cerca de poco m\u00e1s de un a\u00f1o de edad, identificado como Uriel R. M., a quien reportan grave de salud y sus familiares piden sea trasladado a la capital del estado.<\/p>\n\n\n\n<p>De los agresores no se tiene ninguna pista y tampoco los motivos por los cuales fueron agredidos padre e hijo.<\/p>\n\n\n\n<p>Durante la tarde de ayer, en el lugar conocido como puente \u201cBurra\u201d de Juchit\u00e1n de Zaragoza, fue localizado el cuerpo de una persona, con huellas de tortura, maniatado y con impactos de arma de fuego.<\/p>\n\n\n\n<p>La v\u00edctima a\u00fan no ha sido identificada y las autoridades ministeriales de la Vicefiscal\u00eda Regional del Istmo realizan las labores correspondientes.<\/p>\n\n\n\n<p>En tanto que en el barrio Ju\u00e1rez Norte del municipio de Mat\u00edas Romero, alrededor de las 16:30 horas fue localizado un cuerpo con disparos de arma de fuego y signos de tortura.&nbsp;<\/p>\n\n\n\n<p>Param\u00e9dicos lo trasladaron al hospital del IMSS, donde perdi\u00f3 la vida ante la gravedad de las heridas.<\/p>\n\n\n\n<p>De acuerdo con los primeros informes, en el sitio le dejaron una cartulina con un presunto \u201cnarcomensaje\u201d; hasta ahora no ha sido identificada la v\u00edctima.<\/p>\n","protected":false},"excerpt":{"rendered":"<p>Ismael Garc\u00eda M.\/Zona Roja. Oaxaca de Ju\u00e1rez, Oax., a 31 de enero de 2025.- Tres&hellip;<\/p>\n","protected":false},"author":2,"featured_media":77055,"comment_status":"closed","ping_status":"open","sticky":false,"template":"","format":"standard","meta":{"_lmt_disableupdate":"","_lmt_disable":"","_jetpack_memberships_contains_paid_content":false,"footnotes":""},"categories":[109,51],"tags":[4053,297],"class_list":["post-77054","post","type-post","status-publish","format-standard","has-post-thumbnail","hentry","category-minuto-a-minuto","category-zona-roja","tag-asesinato-salina-cruz","tag-ejecutado-juchitan"],"jetpack_featured_media_url":"https:\/\/zonaroja.com.mx\/wp-content\/uploads\/2025\/01\/Ejecutado-Matias-Romero.jpg","jetpack_sharing_enabled":true,"_links":{"self":[{"href":"https:\/\/zonaroja.com.mx\/index.php?rest_route=\/wp\/v2\/posts\/77054","targetHints":{"allow":["GET"]}}],"collection":[{"href":"https:\/\/zonaroja.com.mx\/index.php?rest_route=\/wp\/v2\/posts"}],"about":[{"href":"https:\/\/zonaroja.com.mx\/index.php?rest_route=\/wp\/v2\/types\/post"}],"author":[{"embeddable":true,"href":"https:\/\/zonaroja.com.mx\/index.php?rest_route=\/wp\/v2\/users\/2"}],"replies":[{"embeddable":true,"href":"https:\/\/zonaroja.com.mx\/index.php?rest_route=%2Fwp%2Fv2%2Fcomments&post=77054"}],"version-history":[{"count":1,"href":"https:\/\/zonaroja.com.mx\/index.php?rest_route=\/wp\/v2\/posts\/77054\/revisions"}],"predecessor-version":[{"id":77056,"href":"https:\/\/zonaroja.com.mx\/index.php?rest_route=\/wp\/v2\/posts\/77054\/revisions\/77056"}],"wp:featuredmedia":[{"embeddable":true,"href":"https:\/\/zonaroja.com.mx\/index.php?rest_route=\/wp\/v2\/media\/77055"}],"wp:attachment":[{"href":"https:\/\/zonaroja.com.mx\/index.php?rest_route=%2Fwp%2Fv2%2Fmedia&parent=77054"}],"wp:term":[{"taxonomy":"category","embeddable":true,"href":"https:\/\/zonaroja.com.mx\/index.php?rest_route=%2Fwp%2Fv2%2Fcategories&post=77054"},{"taxonomy":"post_tag","embeddable":true,"href":"https:\/\/zonaroja.com.mx\/index.php?rest_route=%2Fwp%2Fv2%2Ftags&post=77054"}],"curies":[{"name":"wp","href":"https:\/\/api.w.org\/{rel}","templated":true}]}}