{"id":77060,"date":"2025-01-31T09:28:00","date_gmt":"2025-01-31T15:28:00","guid":{"rendered":"https:\/\/zonaroja.com.mx\/?p=77060"},"modified":"2025-01-31T08:30:55","modified_gmt":"2025-01-31T14:30:55","slug":"recula-edil-de-tuxtepec-y-acepta-apoyo-federal-y-estatal","status":"publish","type":"post","link":"https:\/\/zonaroja.com.mx\/?p=77060","title":{"rendered":"Recula edil de Tuxtepec y acepta apoyo federal y estatal"},"content":{"rendered":"\n<p>Raymundo Morales\/Zona Roja.<\/p>\n\n\n\n<p>Oaxaca de Ju\u00e1rez, Oax., a 31 de enero de 2025.- Tras rechazar el apoyo de la Secretar\u00eda de Marina, porque supuestamente era un gasto extraordinario, el presidente municipal de San Juan Bautista Tuxtepec, Fernando Huerta Cerecedo, acept\u00f3 ayer la coordinaci\u00f3n con autoridades federales y estatales.<\/p>\n\n\n\n<p>Los titulares de la Fiscal\u00eda General del Estado, Bernardo Rodr\u00edguez Alamilla, y de la Secretar\u00eda de Gobierno, Jes\u00fas Romero L\u00f3pez, se reunieron con el edil en dicha ciudad de la regi\u00f3n Cuenca.<\/p>\n\n\n\n<p>Tras ello, \u201cjunto a autoridades y representantes de los tres \u00f3rdenes de gobierno, la Secretar\u00eda de Seguridad y Protecci\u00f3n Ciudadana (SSPC) acord\u00f3 redoblar esfuerzos para garantizar la gobernabilidad, la paz y la tranquilidad en este municipio de la Cuenca del Papaloapan\u201d.<\/p>\n\n\n\n<p>De acuerdo con un comunicado del gobierno estatal, durante el encuentro se patentiz\u00f3 el compromiso de la Presidenta Claudia Sheinbaum Pardo con el bienestar y tranquilidad del pueblo tuxtepecano.<\/p>\n\n\n\n<p>Mandos de la Secretar\u00eda de la Defensa Nacional (Defensa), Secretar\u00eda de Marina (Semar), Guardia Nacional (GN), Fiscal\u00eda General de la Rep\u00fablica (FGR), Fiscal\u00eda General del Estado de Oaxaca (FGEO), Polic\u00eda Estatal y Polic\u00eda Municipal, definieron los trabajos a realizar para fortalecer su presencia en la zona.<\/p>\n\n\n\n<p>\u201cCon una estrategia basada en la suma de esfuerzos, los gobiernos federal, estatal y municipal hacen frente a la delincuencia y despliegan acciones contundentes para garantizar la seguridad de la ciudadan\u00eda\u201d.<\/p>\n\n\n\n<p>A inicios de la semana el presidente municipal surgido del Partido del Trabajo declar\u00f3 que la presencia de marinos representaba un gasto por m\u00e1s de 500 mil pesos mensuales.<\/p>\n\n\n\n<p>Tras ello fueron ejecutados cuatro polic\u00edas municipales, entre ellos un mando, presuntamente durante un enfrentamiento con grupos del crimen organizado.<\/p>\n","protected":false},"excerpt":{"rendered":"<p>Raymundo Morales\/Zona Roja. Oaxaca de Ju\u00e1rez, Oax., a 31 de enero de 2025.- Tras rechazar&hellip;<\/p>\n","protected":false},"author":2,"featured_media":77061,"comment_status":"closed","ping_status":"open","sticky":false,"template":"","format":"standard","meta":{"_lmt_disableupdate":"","_lmt_disable":"","_jetpack_memberships_contains_paid_content":false,"footnotes":""},"categories":[109,47],"tags":[118],"class_list":["post-77060","post","type-post","status-publish","format-standard","has-post-thumbnail","hentry","category-minuto-a-minuto","category-zona-gris","tag-san-juan-bautista-tuxtepec"],"jetpack_featured_media_url":"https:\/\/zonaroja.com.mx\/wp-content\/uploads\/2025\/01\/Fiscalia-Sego-Tuxtepec.jpeg","jetpack_sharing_enabled":true,"_links":{"self":[{"href":"https:\/\/zonaroja.com.mx\/index.php?rest_route=\/wp\/v2\/posts\/77060","targetHints":{"allow":["GET"]}}],"collection":[{"href":"https:\/\/zonaroja.com.mx\/index.php?rest_route=\/wp\/v2\/posts"}],"about":[{"href":"https:\/\/zonaroja.com.mx\/index.php?rest_route=\/wp\/v2\/types\/post"}],"author":[{"embeddable":true,"href":"https:\/\/zonaroja.com.mx\/index.php?rest_route=\/wp\/v2\/users\/2"}],"replies":[{"embeddable":true,"href":"https:\/\/zonaroja.com.mx\/index.php?rest_route=%2Fwp%2Fv2%2Fcomments&post=77060"}],"version-history":[{"count":1,"href":"https:\/\/zonaroja.com.mx\/index.php?rest_route=\/wp\/v2\/posts\/77060\/revisions"}],"predecessor-version":[{"id":77062,"href":"https:\/\/zonaroja.com.mx\/index.php?rest_route=\/wp\/v2\/posts\/77060\/revisions\/77062"}],"wp:featuredmedia":[{"embeddable":true,"href":"https:\/\/zonaroja.com.mx\/index.php?rest_route=\/wp\/v2\/media\/77061"}],"wp:attachment":[{"href":"https:\/\/zonaroja.com.mx\/index.php?rest_route=%2Fwp%2Fv2%2Fmedia&parent=77060"}],"wp:term":[{"taxonomy":"category","embeddable":true,"href":"https:\/\/zonaroja.com.mx\/index.php?rest_route=%2Fwp%2Fv2%2Fcategories&post=77060"},{"taxonomy":"post_tag","embeddable":true,"href":"https:\/\/zonaroja.com.mx\/index.php?rest_route=%2Fwp%2Fv2%2Ftags&post=77060"}],"curies":[{"name":"wp","href":"https:\/\/api.w.org\/{rel}","templated":true}]}}