{"id":77065,"date":"2025-01-31T09:47:41","date_gmt":"2025-01-31T15:47:41","guid":{"rendered":"https:\/\/zonaroja.com.mx\/?p=77065"},"modified":"2025-01-31T09:52:28","modified_gmt":"2025-01-31T15:52:28","slug":"deportacion-de-menores-mexicanos-de-eu-sube-161-en-6-anos","status":"publish","type":"post","link":"https:\/\/zonaroja.com.mx\/?p=77065","title":{"rendered":"Deportaci\u00f3n de menores mexicanos de EU sube 161% en 6 a\u00f1os"},"content":{"rendered":"\n<p>Redacci\u00f3n\/Zona Roja Cdmx.<\/p>\n\n\n\n<p>Ciudad de M\u00e9xico, a 31 de enero de 2025.- El endurecimiento en la pol\u00edtica migratoria de Donald Trump en Estados Unidos podr\u00eda dejar afectaciones a otro grupo vulnerable: los menores migrantes.<\/p>\n\n\n\n<p>En los \u00faltimos seis a\u00f1os se ha incrementado en 161% la cantidad de ni\u00f1os, ni\u00f1as y adolescentes mexicanos deportados por Estados Unidos, al pasar de 10,837 menores devueltos a territorio mexicano en 2018 a 28,028 los expulsados de enero a noviembre de 2024, de acuerdo con datos de la Unidad de Pol\u00edtica Migratoria, Registro e Identidad de Personas de la Secretar\u00eda de Gobernaci\u00f3n.<\/p>\n\n\n\n<p>El Gobierno de Estados Unidos alcanz\u00f3 un m\u00e1ximo de 28,270 ni\u00f1os, ni\u00f1as y adolescentes mexicanos de enero a noviembre de 2024, sin embargo la cantidad de menores mexicanos expulsados podr\u00eda incrementarse de cara a las pol\u00edticas antiinmigrantes anunciadas por Trump, advierte Juan Mart\u00edn P\u00e9rez Garc\u00eda, coordinador de Tejiendo Redes Infancia en Am\u00e9rica Latina.<\/p>\n\n\n\n<p>\u201cLo que estamos viendo es una grave violaci\u00f3n a los derechos humanos de ni\u00f1as, ni\u00f1os y adolescentes. Ahora lo que vamos a ver posiblemente no son 28,000 deportaciones sino cientos de miles\u201d, se\u00f1ala.<\/p>\n\n\n\n<p>De los 11 millones de migrantes en situaci\u00f3n irregular que viven en Estados Unidos, un 40% son originarios de M\u00e9xico, de acuerdo con el Departamento de Seguridad Nacional de Estados Unidos (DHS, por sus siglas en ingl\u00e9s), en el censo realizado en 2022.<\/p>\n\n\n\n<p>P\u00e9rez Garc\u00eda estima que, al menos, un 20% de las personas expulsadas de Estados Unidos, podr\u00edan ser\u00e1n menores de edad.<\/p>\n\n\n\n<p>En entrevista con Expansi\u00f3n Pol\u00edtica, el activista advierte que los ni\u00f1os, ni\u00f1as y adolescentes mexicanos en Estados Unidos enfrentan un fuerte impacto psicol\u00f3gico ante el riesgo de ser sometidos a una deportaci\u00f3n \u201cen caliente\u201d, donde no pueden preparar su salida del pa\u00eds, pueden ser separados de sus familias y con ello, romper los lazos tejidos en sus escuelas y sus vecindarios.<\/p>\n\n\n\n<p>Al ser deportados, los menores se encuentran ante graves riesgos al llegar a un pa\u00eds donde posiblemente carezcan de redes de apoyo, recursos o patrimonio.<\/p>\n\n\n\n<p>\u201cEst\u00e1n en una condici\u00f3n de alto riesgo para much\u00edsimos temas: abandono escolar, trabajo infantil, explotaci\u00f3n laboral, tambi\u00e9n particularmente las adolescentes mujeres en peligro de violencia sexual, embarazos tempranos. De ah\u00ed la importancia de priorizar a ni\u00f1os, ni\u00f1as y adolescentes en sus derechos\u201d, explica.<\/p>\n\n\n\n<p>M\u00e1s informaci\u00f3n de \u201cExpansi\u00f3n Pol\u00edtica\u201d:<\/p>\n\n\n\n<figure class=\"wp-block-embed\"><div class=\"wp-block-embed__wrapper\">\nhttps:\/\/politica.expansion.mx\/mexico\/2025\/01\/30\/deportacion-de-ninos-ninas-eu-mexico-aumenta\n<\/div><\/figure>\n","protected":false},"excerpt":{"rendered":"<p>Redacci\u00f3n\/Zona Roja Cdmx. Ciudad de M\u00e9xico, a 31 de enero de 2025.- El endurecimiento en&hellip;<\/p>\n","protected":false},"author":2,"featured_media":77068,"comment_status":"closed","ping_status":"open","sticky":false,"template":"","format":"standard","meta":{"_lmt_disableupdate":"","_lmt_disable":"","_jetpack_memberships_contains_paid_content":false,"footnotes":""},"categories":[109,47],"tags":[4167],"class_list":["post-77065","post","type-post","status-publish","format-standard","has-post-thumbnail","hentry","category-minuto-a-minuto","category-zona-gris","tag-deportacion-de-migrantes-en-eu"],"jetpack_featured_media_url":"https:\/\/zonaroja.com.mx\/wp-content\/uploads\/2025\/01\/Deportacion-de-menores-migrantes-EU.jpeg","jetpack_sharing_enabled":true,"_links":{"self":[{"href":"https:\/\/zonaroja.com.mx\/index.php?rest_route=\/wp\/v2\/posts\/77065","targetHints":{"allow":["GET"]}}],"collection":[{"href":"https:\/\/zonaroja.com.mx\/index.php?rest_route=\/wp\/v2\/posts"}],"about":[{"href":"https:\/\/zonaroja.com.mx\/index.php?rest_route=\/wp\/v2\/types\/post"}],"author":[{"embeddable":true,"href":"https:\/\/zonaroja.com.mx\/index.php?rest_route=\/wp\/v2\/users\/2"}],"replies":[{"embeddable":true,"href":"https:\/\/zonaroja.com.mx\/index.php?rest_route=%2Fwp%2Fv2%2Fcomments&post=77065"}],"version-history":[{"count":1,"href":"https:\/\/zonaroja.com.mx\/index.php?rest_route=\/wp\/v2\/posts\/77065\/revisions"}],"predecessor-version":[{"id":77067,"href":"https:\/\/zonaroja.com.mx\/index.php?rest_route=\/wp\/v2\/posts\/77065\/revisions\/77067"}],"wp:featuredmedia":[{"embeddable":true,"href":"https:\/\/zonaroja.com.mx\/index.php?rest_route=\/wp\/v2\/media\/77068"}],"wp:attachment":[{"href":"https:\/\/zonaroja.com.mx\/index.php?rest_route=%2Fwp%2Fv2%2Fmedia&parent=77065"}],"wp:term":[{"taxonomy":"category","embeddable":true,"href":"https:\/\/zonaroja.com.mx\/index.php?rest_route=%2Fwp%2Fv2%2Fcategories&post=77065"},{"taxonomy":"post_tag","embeddable":true,"href":"https:\/\/zonaroja.com.mx\/index.php?rest_route=%2Fwp%2Fv2%2Ftags&post=77065"}],"curies":[{"name":"wp","href":"https:\/\/api.w.org\/{rel}","templated":true}]}}