{"id":77069,"date":"2025-01-31T12:56:00","date_gmt":"2025-01-31T18:56:00","guid":{"rendered":"https:\/\/zonaroja.com.mx\/?p=77069"},"modified":"2025-01-31T10:00:10","modified_gmt":"2025-01-31T16:00:10","slug":"asegura-morena-que-despunta-desarrollo-de-oaxaca-con-trabajo-coordinado","status":"publish","type":"post","link":"https:\/\/zonaroja.com.mx\/?p=77069","title":{"rendered":"Asegura Morena que despunta desarrollo de Oaxaca con trabajo coordinado"},"content":{"rendered":"\n<p>Redacci\u00f3n\/Zona Roja.<\/p>\n\n\n\n<p>Oaxaca de Ju\u00e1rez, Oax., a 31 de enero de 2025.- El partido Morena en Oaxaca reconoci\u00f3 los avances y logros en la entidad derivado del trabajo y la gesti\u00f3n del Gobernador Salom\u00f3n Jara Cruz y que ha sido respaldado por la Presidenta de M\u00e9xico, Claudia Sheinbaum.<\/p>\n\n\n\n<p>En conferencia de prensa el presidente del Comit\u00e9 Ejecutivo Estatal del partido, Emmanuel Navarro inform\u00f3 las acciones que la mandataria federal realiz\u00f3 durante 3 d\u00edas en la entidad, y en donde se hicieron importantes anuncios.<\/p>\n\n\n\n<p>\u201cReconocemos que en estos recorridos, el gobernador present\u00f3 planteamientos a la doctora Sheinbaum y que fueron aprobados. La misma Presidenta reconoci\u00f3 la labor y empe\u00f1o del Gobernador para que se atiendan las necesidades de Oaxaca\u201d, precis\u00f3.<\/p>\n\n\n\n<p>Indic\u00f3 que, como resultado de esta coordinaci\u00f3n entre la entidad y la federaci\u00f3n se atender\u00e1n 15 tramos carreteros, dar\u00e1n apertura a 4 unidades m\u00e9dicas en este a\u00f1o, se dispersar\u00e1n los apoyos de las pensiones bienestar entre otras acciones.<\/p>\n\n\n\n<p>En este encuentro con medios de comunicaci\u00f3n Emmanuel Navarro respald\u00f3 las acciones en materia de salud que ha logrado el Gobierno de la Primavera Oaxaque\u00f1a, con respaldo total del Gobierno de la Rep\u00fablica, pese a las dificultades encontradas ante el colapso y deterioro que heredaron del invierno priista.<\/p>\n\n\n\n<p>Afirm\u00f3 que solo en los dos primeros a\u00f1os del Gobernador, el presupuesto para el sector salud se ha triplicado en comparaci\u00f3n con la administraci\u00f3n anterior. Solo en los dos primeros paquetes elaborados por Alejandro Murat se destinaron poco m\u00e1s de 4 mil millones en cada a\u00f1o; sin embargo, en los dos presupuestos hechos por la Primavera Oaxaque\u00f1a se destinaron 12 mil y 10 mil millones de pesos respectivamente.<\/p>\n\n\n\n<p>Por otro lado, respald\u00f3 las iniciativas de reforma presentadas por la Presidenta de M\u00e9xico y el Gobernador del Estado, en sus respectivos niveles de gobierno, para combatir el ma\u00edz transg\u00e9nico, proteger los ma\u00edces nativos y la identidad cultural de los pueblos.<\/p>\n\n\n\n<p>En otro orden de ideas, invit\u00f3 a la poblaci\u00f3n oaxaque\u00f1a a participar en el proceso de afiliaci\u00f3n iniciado por el partido, actividad que ser\u00e1 realizada por Coordinadores Operativos Territoriales (COT\u00b4s) quienes visitar\u00e1n casa por casa.&nbsp;<\/p>\n\n\n\n<p>En su intervenci\u00f3n, el Secretario de Formaci\u00f3n y Capacitaci\u00f3n Pol\u00edtica, Alejandro Velasco Armas, inform\u00f3 sobre las etapas y algunos acontecimientos en el marco del proceso electoral del Poder Judicial de la Federaci\u00f3n, entre estos la fase de entrevistas de aspirantes, la aprobaci\u00f3n de reglas procesales y determinaciones jurisdiccionales para el cumplimiento de estas etapas.<\/p>\n\n\n\n<p>Se\u00f1al\u00f3 la importancia de difundir y explicar a la ciudadan\u00eda sobre la importancia de este acontecimiento hist\u00f3rico que fue impulsado por la Cuarta Transformaci\u00f3n, porque se trata de democratizar uno de los Poderes de la Uni\u00f3n, y elegir a las personas que aplicar\u00e1n una verdadera justicia que tanto es demandada por la poblaci\u00f3n.<\/p>\n","protected":false},"excerpt":{"rendered":"<p>Redacci\u00f3n\/Zona Roja. Oaxaca de Ju\u00e1rez, Oax., a 31 de enero de 2025.- El partido Morena&hellip;<\/p>\n","protected":false},"author":2,"featured_media":77070,"comment_status":"closed","ping_status":"open","sticky":false,"template":"","format":"standard","meta":{"_lmt_disableupdate":"","_lmt_disable":"","_jetpack_memberships_contains_paid_content":false,"footnotes":""},"categories":[109,46],"tags":[871],"class_list":["post-77069","post","type-post","status-publish","format-standard","has-post-thumbnail","hentry","category-minuto-a-minuto","category-zona-blanca","tag-partido-morena-oaxaca"],"jetpack_featured_media_url":"https:\/\/zonaroja.com.mx\/wp-content\/uploads\/2025\/01\/Conferencia-Morena-Oaxaca.jpeg","jetpack_sharing_enabled":true,"_links":{"self":[{"href":"https:\/\/zonaroja.com.mx\/index.php?rest_route=\/wp\/v2\/posts\/77069","targetHints":{"allow":["GET"]}}],"collection":[{"href":"https:\/\/zonaroja.com.mx\/index.php?rest_route=\/wp\/v2\/posts"}],"about":[{"href":"https:\/\/zonaroja.com.mx\/index.php?rest_route=\/wp\/v2\/types\/post"}],"author":[{"embeddable":true,"href":"https:\/\/zonaroja.com.mx\/index.php?rest_route=\/wp\/v2\/users\/2"}],"replies":[{"embeddable":true,"href":"https:\/\/zonaroja.com.mx\/index.php?rest_route=%2Fwp%2Fv2%2Fcomments&post=77069"}],"version-history":[{"count":1,"href":"https:\/\/zonaroja.com.mx\/index.php?rest_route=\/wp\/v2\/posts\/77069\/revisions"}],"predecessor-version":[{"id":77071,"href":"https:\/\/zonaroja.com.mx\/index.php?rest_route=\/wp\/v2\/posts\/77069\/revisions\/77071"}],"wp:featuredmedia":[{"embeddable":true,"href":"https:\/\/zonaroja.com.mx\/index.php?rest_route=\/wp\/v2\/media\/77070"}],"wp:attachment":[{"href":"https:\/\/zonaroja.com.mx\/index.php?rest_route=%2Fwp%2Fv2%2Fmedia&parent=77069"}],"wp:term":[{"taxonomy":"category","embeddable":true,"href":"https:\/\/zonaroja.com.mx\/index.php?rest_route=%2Fwp%2Fv2%2Fcategories&post=77069"},{"taxonomy":"post_tag","embeddable":true,"href":"https:\/\/zonaroja.com.mx\/index.php?rest_route=%2Fwp%2Fv2%2Ftags&post=77069"}],"curies":[{"name":"wp","href":"https:\/\/api.w.org\/{rel}","templated":true}]}}