{"id":77075,"date":"2025-01-31T18:08:39","date_gmt":"2025-02-01T00:08:39","guid":{"rendered":"https:\/\/zonaroja.com.mx\/?p=77075"},"modified":"2025-01-31T18:08:41","modified_gmt":"2025-02-01T00:08:41","slug":"denuncian-que-quitaran-plazas-de-servicio-para-la-uabjo-en-el-hospital-civil","status":"publish","type":"post","link":"https:\/\/zonaroja.com.mx\/?p=77075","title":{"rendered":"Denuncian que quitar\u00e1n plazas de servicio para la UABJO en el Hospital Civil"},"content":{"rendered":"\n<p>Redacci\u00f3n\/Estado 20.<\/p>\n\n\n\n<p>Oaxaca de Ju\u00e1rez, Oax., a 31 de enero de 2025.- El gobierno de Salom\u00f3n Jara Cruz tom\u00f3 la determinaci\u00f3n de quitar las plazas en el Hospital General \u00abDr. Aurelio Valdivieso\u00bb a los estudiantes de la Facultad de Medicina y Cirug\u00eda de la Universidad Aut\u00f3noma \u00abBenito Ju\u00e1rez\u00bb de Oaxaca (UABJO) para realizar sus pr\u00e1cticas, internado y servicio social de Medicina.<\/p>\n\n\n\n<p>Este es un derecho que los estudiantes de la Facultad de Medicina de la UABJO tienen desde el a\u00f1o 1861, a trav\u00e9s de un decreto por el presidente Benito Ju\u00e1rez Garc\u00eda, y que ahora la administraci\u00f3n de la llamada \u00abcuarta primavera\u00bb, pretende quitarlos.<\/p>\n\n\n\n<p>En un documento firmado por Christell G\u00f3mez Navarro, director de Ense\u00f1anza y Calidad de los Servicios de Salud de Oaxaca (SSO), se argumenta que el decreto de 1861 no contempla las realidades y necesidades actuales de un sistema de salud y educativo diversificado y en constante evoluci\u00f3n.&nbsp;<\/p>\n\n\n\n<p>\u00abEntendemos y valoramos profundamente la tradici\u00f3n y el legado que la UABO ha mantenido en la formaci\u00f3n m\u00e9dica de Oaxaca. No obstante, el decreto de 1861, aunque hist\u00f3rico, no contempla las realidades y necesidades actuales de un sistema de salud y educativo diversificado y en constante evoluci\u00f3n. Las reformas legales y administrativas posteriores, as\u00ed como la transferencia de la gesti\u00f3n hospitalaria al IMSS-Bienestar, establecen un marco de inclusi\u00f3n y equidad que debe prevalecer sobre disposiciones hist\u00f3ricas que ya no reflejan las din\u00e1micas presentes\u00bb.<\/p>\n\n\n\n<p>Adem\u00e1s, sostiene que la apertura del Hospital Civil \u00abDr. Aurelio Valdivieso\u00bb a estudiantes de diversas instituciones educativas \u00abno busca menoscabar la valiosa relaci\u00f3n hist\u00f3rica con la UABJO, sino expandir las oportunidades de formaci\u00f3n m\u00e9dica para contribuir al bienestar de toda la comunidad oaxaque\u00f1a\u00bb.<\/p>\n\n\n\n<p>Esta decisi\u00f3n del gobierno de Salom\u00f3n Jara ha provocado inconformidad en la comunidad estudiantil y han pedido el apoyo de estudiantes, docentes, egresados, padres de familia y ciudadanos del estado que apoyen porque no pueden dejar que les quiten el hospital estudiantil \u201cDr. Aurelio Valdivieso\u201d.<\/p>\n\n\n\n<p>Los j\u00f3venes informaron que recabar\u00e1n firmas contra esta determinaci\u00f3n y tomar acciones. \u00abSe les pide su apoyo y amable cooperaci\u00f3n, compartiendo el mensaje y acudiendo el d\u00eda de&nbsp;ma\u00f1ana desde las 8:00 am&nbsp;a la Facultad de Medicina y Cirug\u00eda de la UABJO a ayudarnos con una firma, no podemos dejar que esto suceda y que&nbsp; el hospital en el cual alumnado y generaciones pasadas han realizado sus pr\u00e1cticas m\u00e9dicas, sea arrebatado de la noche a la ma\u00f1ana, sin importar el decreto del Peesidente Benito Ju\u00e1rez\u00bb.<\/p>\n","protected":false},"excerpt":{"rendered":"<p>Redacci\u00f3n\/Estado 20. Oaxaca de Ju\u00e1rez, Oax., a 31 de enero de 2025.- El gobierno de&hellip;<\/p>\n","protected":false},"author":2,"featured_media":77076,"comment_status":"closed","ping_status":"open","sticky":false,"template":"","format":"standard","meta":{"_lmt_disableupdate":"","_lmt_disable":"","_jetpack_memberships_contains_paid_content":false,"footnotes":""},"categories":[109,47],"tags":[781],"class_list":["post-77075","post","type-post","status-publish","format-standard","has-post-thumbnail","hentry","category-minuto-a-minuto","category-zona-gris","tag-hospital-civil-dr-aurelio-valdivieso-de-oaxaca"],"jetpack_featured_media_url":"https:\/\/zonaroja.com.mx\/wp-content\/uploads\/2025\/01\/Plazas-Medicina-UABJO-Hospital-Civil.jpg","jetpack_sharing_enabled":true,"_links":{"self":[{"href":"https:\/\/zonaroja.com.mx\/index.php?rest_route=\/wp\/v2\/posts\/77075","targetHints":{"allow":["GET"]}}],"collection":[{"href":"https:\/\/zonaroja.com.mx\/index.php?rest_route=\/wp\/v2\/posts"}],"about":[{"href":"https:\/\/zonaroja.com.mx\/index.php?rest_route=\/wp\/v2\/types\/post"}],"author":[{"embeddable":true,"href":"https:\/\/zonaroja.com.mx\/index.php?rest_route=\/wp\/v2\/users\/2"}],"replies":[{"embeddable":true,"href":"https:\/\/zonaroja.com.mx\/index.php?rest_route=%2Fwp%2Fv2%2Fcomments&post=77075"}],"version-history":[{"count":1,"href":"https:\/\/zonaroja.com.mx\/index.php?rest_route=\/wp\/v2\/posts\/77075\/revisions"}],"predecessor-version":[{"id":77077,"href":"https:\/\/zonaroja.com.mx\/index.php?rest_route=\/wp\/v2\/posts\/77075\/revisions\/77077"}],"wp:featuredmedia":[{"embeddable":true,"href":"https:\/\/zonaroja.com.mx\/index.php?rest_route=\/wp\/v2\/media\/77076"}],"wp:attachment":[{"href":"https:\/\/zonaroja.com.mx\/index.php?rest_route=%2Fwp%2Fv2%2Fmedia&parent=77075"}],"wp:term":[{"taxonomy":"category","embeddable":true,"href":"https:\/\/zonaroja.com.mx\/index.php?rest_route=%2Fwp%2Fv2%2Fcategories&post=77075"},{"taxonomy":"post_tag","embeddable":true,"href":"https:\/\/zonaroja.com.mx\/index.php?rest_route=%2Fwp%2Fv2%2Ftags&post=77075"}],"curies":[{"name":"wp","href":"https:\/\/api.w.org\/{rel}","templated":true}]}}